{"id":1069,"date":"2011-10-29T11:46:34","date_gmt":"2011-10-29T10:46:34","guid":{"rendered":"http:\/\/www.sachaheck.net\/blog\/?p=1069"},"modified":"2011-12-22T08:26:41","modified_gmt":"2011-12-22T07:26:41","slug":"deutsche-publishing-konferenz-2012","status":"publish","type":"post","link":"https:\/\/www.sachaheck.net\/blog\/digital-media\/deutsche-publishing-konferenz-2012","title":{"rendered":"Deutsche Publishing Konferenz 2012"},"content":{"rendered":"<p><img loading=\"lazy\" class=\"alignleft size-medium wp-image-1070\" style=\"margin-right: 20px;\" title=\"DPK12_Quer\" src=\"https:\/\/www.sachaheck.net\/blog\/wp-content\/uploads\/2011\/10\/DPK12_Quer-300x141.png\" alt=\"\" width=\"300\" height=\"141\" srcset=\"https:\/\/www.sachaheck.net\/blog\/wp-content\/uploads\/2011\/10\/DPK12_Quer-300x141.png 300w, https:\/\/www.sachaheck.net\/blog\/wp-content\/uploads\/2011\/10\/DPK12_Quer.png 664w\" sizes=\"(max-width: 300px) 100vw, 300px\" \/>Die Welt des Publishing befindet sich seit Jahren in einem permanenten Wandel. Die Vielzahl neuer Trends und Entwicklungen erschweren es den \u00dcberblick \u00fcber alle Teilbereiche der Branche zu behalten, auf dem aktuellen Stand zu bleiben und Wichtiges von Unwichtigem zu trennen.<\/p>\n<p>Um dem entgegenzuwirken wird die erste \u00bbDeutsche Publishing-Konferenz\u00ab vom 27. \u2013 28. April 2012 in M\u00fcnchen eine Veranstaltung bieten, die alles Wichtige verdichtet n\u00e4her bringt \u2013 egal ob Sie sich einen allgemeinen \u00dcberblick verschaffen, in neue Themen einsteigen oder Ihr Wissen vertiefen wollen. In rund 40 Workshops, Vortr\u00e4gen und Diskussionsrunden geben deutschsprachige Top-Referenten wie Rufus Deuchler, Hans-Peter Schneeberger, Olaf Dr\u00fcmmer oder Gerald Singelmann u.v.m. Einblicke in die verschiedensten Bereiche des aktuellen und zuk\u00fcnftigen \u00bbPublishing\u00ab.<\/p>\n<p>Der Stand der Dinge im Print- und Digital-Publishing, neueste technische Standards, beispielsweise <strong>EPUB, Folio, HTML5, XML<\/strong>, werden ebenso auf der Agenda stehen, wie Einblicke in Spezialthemen z.B. <strong>Scripting, Automatisierung<\/strong> oder <strong>Barrierefreiheit<\/strong>. Hierf\u00fcr werden am Markt befindliche L\u00f6sungen gezeigt, Einblicke in kommende Produkte gegeben und in Diskussionen mit Publishing-Experten wird in die Zukunft geschaut.<\/p>\n<p>Bei der Deutschen Publishing-Konferenz wird viel Wert darauf, dass die Teilnehmer Ihre Erfahrungen sofort in der Praxis anwenden k\u00f6nnen. Aus diesem Grund sind die Workshops als \u201eHands-On\u201c-Sessions konzipiert \u2013 wer seinen Rechner mitbringt, kann live mitmachen.<\/p>\n<p>Neben Vortr\u00e4gen und Workshops soll das Networking nicht zu kurz kommen: In den Pausen ist bei Essen und Getr\u00e4nken ausreichend Zeit f\u00fcr Gespr\u00e4che. Auch auf der Abendveranstaltung am ersten Konferenzabend wird der Austausch mit Referenten und anderen Teilnehmern seine Fortsetzung finden. F\u00fcr Catering und Getr\u00e4nke sowie ein Abendshowprogramm wird gesorgt.<\/p>\n<p>Das Kartenkontingent ist limitiert. Die ersten 50 Zweitagestickets gibt\u2019s zum Super-Fr\u00fchbucher-Preis von 549 Euro inkl. Besuch der Abendveranstaltung. Die n\u00e4chsten 100 Tickets kosten 649 Euro, die letzten 100 Tickets werden f\u00fcr jeweils 749 Euro angeboten. (S\u00e4mtliche Preise verstehen sich inkl. 19 % MwSt.)<\/p>\n<p>Anmeldung und weitere Informationen unter:<br \/>\n<a href=\"www.publishing-konferenz.de\" target=\"_blank\">www.publishing-konferenz.de<\/a><\/p>\n<p>Facebooklink: <a href=\"http:\/\/www.facebook.com\/publishingkonferenz\" target=\"_blank\">www.facebook.com\/publishingkonferenz<\/a><\/p>\n<p>Folgen Sie auf Twitter dem Hashtag #dpk12 bzw. folgen Sie <a href=\"https:\/\/twitter.com\/#!\/dpk_12\" target=\"_blank\">dpk_12<\/a><\/p>\n<p><strong>Update 22.12.2011:<\/strong> Als Dank f\u00fcr den gro\u00dfen Ansturm auf die Tickets k\u00f6nnt Ihr\u00a0<strong>bis zum 31.12.2011<\/strong>\u00a0weiterhin die\u00a0<strong>Tickets zum g\u00fcnstigen SuperEarly Bird Preis kaufen!<\/strong><\/p>\n<p><a href=\"http:\/\/www.publishing-konferenz.de\" target=\"_blank\"><img loading=\"lazy\" class=\"alignnone size-full wp-image-1072\" title=\"486x84_Banner\" src=\"https:\/\/www.sachaheck.net\/blog\/wp-content\/uploads\/2011\/10\/486x84_Banner.png\" alt=\"\" width=\"486\" height=\"84\" srcset=\"https:\/\/www.sachaheck.net\/blog\/wp-content\/uploads\/2011\/10\/486x84_Banner.png 486w, https:\/\/www.sachaheck.net\/blog\/wp-content\/uploads\/2011\/10\/486x84_Banner-300x51.png 300w\" sizes=\"(max-width: 486px) 100vw, 486px\" \/><\/a><\/p>\n<div class=\"shariff\"><ul class=\"shariff-buttons theme-default orientation-horizontal buttonsize-medium\"><li class=\"shariff-button twitter shariff-nocustomcolor\" style=\"background-color:#1e3050\"><a href=\"https:\/\/twitter.com\/share?url=https%3A%2F%2Fwww.sachaheck.net%2Fblog%2Fdigital-media%2Fdeutsche-publishing-konferenz-2012&text=Deutsche%20Publishing%20Konferenz%202012\" title=\"Bei X (Twitter) teilen\" aria-label=\"Bei X (Twitter) teilen\" role=\"button\" rel=\"noreferrernoopener nofollow\" class=\"shariff-link\" style=\"; background-color:#000000; color:#fff\" target=\"_blank\"><span class=\"shariff-icon\" style=\"\"><svg xmlns=\"http:\/\/www.w3.org\/2000\/svg\" height=\"1em\" viewBox=\"0 0 512 512\"><!--! Font Awesome Free 6.4.2 by @fontawesome - https:\/\/fontawesome.com License - https:\/\/fontawesome.com\/license (Commercial License) Copyright 2023 Fonticons, Inc. --><style>svg{fill:#ffffff}<\/style><path d=\"M389.2 48h70.6L305.6 224.2 487 464H345L233.7 318.6 106.5 464H35.8L200.7 275.5 26.8 48H172.4L272.9 180.9 389.2 48zM364.4 421.8h39.1L151.1 88h-42L364.4 421.8z\"\/><\/svg><\/span><span class=\"shariff-text\">twittern<\/span>&nbsp;<\/a><\/li><li class=\"shariff-button facebook shariff-nocustomcolor\" style=\"background-color:#4273c8\"><a href=\"https:\/\/www.facebook.com\/sharer\/sharer.php?u=https%3A%2F%2Fwww.sachaheck.net%2Fblog%2Fdigital-media%2Fdeutsche-publishing-konferenz-2012\" title=\"Bei Facebook teilen\" aria-label=\"Bei Facebook teilen\" role=\"button\" rel=\"noreferrernoopener nofollow\" class=\"shariff-link\" style=\"; background-color:#3b5998; color:#fff\" target=\"_blank\"><span class=\"shariff-icon\" style=\"\"><svg width=\"32px\" height=\"20px\" xmlns=\"http:\/\/www.w3.org\/2000\/svg\" viewBox=\"0 0 18 32\"><path fill=\"#3b5998\" d=\"M17.1 0.2v4.7h-2.8q-1.5 0-2.1 0.6t-0.5 1.9v3.4h5.2l-0.7 5.3h-4.5v13.6h-5.5v-13.6h-4.5v-5.3h4.5v-3.9q0-3.3 1.9-5.2t5-1.8q2.6 0 4.1 0.2z\"\/><\/svg><\/span><span class=\"shariff-text\">teilen<\/span>&nbsp;<\/a><\/li><li class=\"shariff-button linkedin shariff-nocustomcolor\" style=\"background-color:#1488bf\"><a href=\"https:\/\/www.linkedin.com\/sharing\/share-offsite\/?url=https%3A%2F%2Fwww.sachaheck.net%2Fblog%2Fdigital-media%2Fdeutsche-publishing-konferenz-2012\" title=\"Bei LinkedIn teilen\" aria-label=\"Bei LinkedIn teilen\" role=\"button\" rel=\"noreferrernoopener nofollow\" class=\"shariff-link\" style=\"; background-color:#0077b5; color:#fff\" target=\"_blank\"><span class=\"shariff-icon\" style=\"\"><svg width=\"32px\" height=\"20px\" xmlns=\"http:\/\/www.w3.org\/2000\/svg\" viewBox=\"0 0 27 32\"><path fill=\"#0077b5\" d=\"M6.2 11.2v17.7h-5.9v-17.7h5.9zM6.6 5.7q0 1.3-0.9 2.2t-2.4 0.9h0q-1.5 0-2.4-0.9t-0.9-2.2 0.9-2.2 2.4-0.9 2.4 0.9 0.9 2.2zM27.4 18.7v10.1h-5.9v-9.5q0-1.9-0.7-2.9t-2.3-1.1q-1.1 0-1.9 0.6t-1.2 1.5q-0.2 0.5-0.2 1.4v9.9h-5.9q0-7.1 0-11.6t0-5.3l0-0.9h5.9v2.6h0q0.4-0.6 0.7-1t1-0.9 1.6-0.8 2-0.3q3 0 4.9 2t1.9 6z\"\/><\/svg><\/span><span class=\"shariff-text\">mitteilen<\/span>&nbsp;<\/a><\/li><\/ul><\/div>","protected":false},"excerpt":{"rendered":"<p>Die Welt des Publishing befindet sich seit Jahren in einem permanenten Wandel. Die Vielzahl neuer Trends und Entwicklungen erschweren es den \u00dcberblick \u00fcber alle Teilbereiche der Branche zu behalten, auf dem aktuellen Stand zu bleiben und Wichtiges von Unwichtigem zu trennen. Vom 27. \u2013 28. April 2012 wird die \u00bbDeutsche Publishing Konferenz\u00ab in M\u00fcnchen erstmals eine Veranstaltung bieten die alles Wichtige verdichtet n\u00e4her bringt. In rund 40 Workshops stehen Publishing-Techniken wie ePub, Folio, HTML5, XML, Scripting, Automatisierung, Barrierefreiheit u.s.w. auf der Agenda.<\/p>\n","protected":false},"author":1,"featured_media":0,"comment_status":"open","ping_status":"open","sticky":false,"template":"","format":"standard","meta":{"ngg_post_thumbnail":0},"categories":[100],"tags":[225,88,222,223,220,221,188,224,131],"_links":{"self":[{"href":"https:\/\/www.sachaheck.net\/blog\/wp-json\/wp\/v2\/posts\/1069"}],"collection":[{"href":"https:\/\/www.sachaheck.net\/blog\/wp-json\/wp\/v2\/posts"}],"about":[{"href":"https:\/\/www.sachaheck.net\/blog\/wp-json\/wp\/v2\/types\/post"}],"author":[{"embeddable":true,"href":"https:\/\/www.sachaheck.net\/blog\/wp-json\/wp\/v2\/users\/1"}],"replies":[{"embeddable":true,"href":"https:\/\/www.sachaheck.net\/blog\/wp-json\/wp\/v2\/comments?post=1069"}],"version-history":[{"count":13,"href":"https:\/\/www.sachaheck.net\/blog\/wp-json\/wp\/v2\/posts\/1069\/revisions"}],"predecessor-version":[{"id":1161,"href":"https:\/\/www.sachaheck.net\/blog\/wp-json\/wp\/v2\/posts\/1069\/revisions\/1161"}],"wp:attachment":[{"href":"https:\/\/www.sachaheck.net\/blog\/wp-json\/wp\/v2\/media?parent=1069"}],"wp:term":[{"taxonomy":"category","embeddable":true,"href":"https:\/\/www.sachaheck.net\/blog\/wp-json\/wp\/v2\/categories?post=1069"},{"taxonomy":"post_tag","embeddable":true,"href":"https:\/\/www.sachaheck.net\/blog\/wp-json\/wp\/v2\/tags?post=1069"}],"curies":[{"name":"wp","href":"https:\/\/api.w.org\/{rel}","templated":true}]}}