{"id":1686,"date":"2014-02-16T13:17:16","date_gmt":"2014-02-16T12:17:16","guid":{"rendered":"http:\/\/www.sachaheck.net\/blog\/?p=1686"},"modified":"2014-02-16T13:17:16","modified_gmt":"2014-02-16T12:17:16","slug":"bucherscheinung-ebooks-indesign-yves-apel","status":"publish","type":"post","link":"https:\/\/www.sachaheck.net\/blog\/mediengestalter_luxemburg\/bucherscheinung-ebooks-indesign-yves-apel","title":{"rendered":"Bucherscheinung: E-Books mit InDesign CC von Yves Apel"},"content":{"rendered":"<p><a href=\"https:\/\/www.sachaheck.net\/blog\/wp-content\/uploads\/2014\/02\/epub_buch_yves.jpg\"><img loading=\"lazy\" class=\"alignnone  wp-image-1687\" title=\"epub_buch_yves\" src=\"https:\/\/www.sachaheck.net\/blog\/wp-content\/uploads\/2014\/02\/epub_buch_yves-1024x680.jpg\" alt=\"\" width=\"502\" height=\"333\" srcset=\"https:\/\/www.sachaheck.net\/blog\/wp-content\/uploads\/2014\/02\/epub_buch_yves-1024x680.jpg 1024w, https:\/\/www.sachaheck.net\/blog\/wp-content\/uploads\/2014\/02\/epub_buch_yves-300x199.jpg 300w\" sizes=\"(max-width: 502px) 100vw, 502px\" \/><\/a><\/p>\n<p>Mitte 2011 wagten <a title=\"Yves Apel\" href=\"http:\/\/www.indesign-world.com\" target=\"_blank\">Yves Apel<\/a> und ich mich daran, ein Buch zu schreiben \u2013 ein ziemlich technisches \u00fcber die E-Book Erstellung mit InDesign. Unser Werk erschien dann auch im Februar 2012 im <a title=\"dPunkt-Verlag\" href=\"http:\/\/dpunkt.de\/buecher\/3964\/epub-f%26uuml%3Br-%28in%29designer.html\" target=\"_blank\">dPunkt-Verlag<\/a> nach vielen Tests und langen N\u00e4chten. Bislang gibt es, au\u00dfer dem \u00fcbersetzten Buch von <a title=\"Liz Castro\" href=\"http:\/\/www.elizabethcastro.com\/\" target=\"_blank\">Liz Castro<\/a>, auch nichts vergleichbares auf Deutsch. D.h. wir haben da sozusagen Pionierarbeit geleistet :-)<\/p>\n<p>Allerdings mu\u00df man sich bei einem derartigen Technik-Buch bewusst sein, dass das Buch nicht sehr lange aktuell sein wird, da immer wieder neue Programmversionen und Updates heraus kommen. Au\u00dferdem schreibt man f\u00fcr ein sehr begrenztes Zielpublikum da das Thema schon ziemlich spezifisch ist. Nichtsdestotrotz ist es noch immer aktuell und das Thema E-Book-Erstellung noch nicht vom Tisch.<\/p>\n<p>Mein Kollege <a title=\"Yves Apel\" href=\"http:\/\/www.indesign-world.com\" target=\"_blank\">Yves Apel,<\/a> Adobe Certified Expert &amp; Instructor f\u00fcr InDesign, hat nun den Nachfolgeband ver\u00f6ffentlicht bei dem die Konzentration auf InDesign CC liegt. Schritt f\u00fcr Schritt wird erkl\u00e4rt, wie man vorgehen mu\u00df, von der Dokumentenaufbereitung bis zum fertigen E-Book. Dass der Weg etwas steinig ist, wird nicht verschwiegen und es werden alternative Vorgehensweisen und Workarounds aufgezeigt \u2013 L\u00f6sungen und Empfehlungen aus seiner langj\u00e4hrigen Praxis.<\/p>\n<h1>Inhalt des Buches<\/h1>\n<p>Nach einem \u00dcberblick \u00fcber die neuen InDesign-Funktionen in den Versionen CS6 und CC sowie einer \u00dcbersicht \u00fcber die E-Book-Formate wird gezeigt, wie Sie Ihre Daten analysieren und auf die folgenden Schritte vorbereiten. Weiter geht es in InDesign: Text und Tabellen richtig formatieren, Bilder und Objekte einbauen, Navigation, Inhaltsverzeichnis und weitere Verlinkungen anlegen. Auch Video- und Audio-Inhalte lassen sich mit InDesign einbinden.<\/p>\n<p>Nach dem Export, dessen Einstellungen genau dokumentiert sind, erfolgt die Validierung und Nachbearbeitung der ePub-Datei wie das Einf\u00fcgen der neuen ePub3-Metadaten, das Anpassen von Tabellen oder die weitere Gestaltung von Textboxen. Abschlie\u00dfend geht es um die Besonderheiten bei der Erstellung f\u00fcr Apple iBooks und Amazon Kindle.<\/p>\n<p>Alle Schritte werden in einzelnen, abgeschlossenen Tutorials gezeigt, sodass die Themen auch gezielt ausgew\u00e4hlt werden k\u00f6nnen. Mit dieser umfassenden, verst\u00e4ndlichen Anleitung sind InDesigner gut ger\u00fcstet f\u00fcr die Erstellung von E-Books.<\/p>\n<p><a title=\"ePub f\u00fcr InDesigner\" href=\"www.epub-fuer-indesigner.de\" target=\"_blank\">www.epub-fuer-indesigner.de<\/a><\/p>\n<h1>Workshop auf der PUBKON im Juni<\/h1>\n<p>\u00dcbrigens: wenn Sie Yves Apel live erleben m\u00f6chten zum Thema digitales Publizieren, dann sollten Sie in Erw\u00e4gung ziehen zur <a title=\"PUBKON\" href=\"http:\/\/2014.pubkon.eu\/\" target=\"_blank\">PUBKON<\/a> zu reisen vom 12. bis 14. Juni 2014. Hier gibt es einen Workshop den ganzen Tag lang \u00fcber alles was im Buch beschrieben wird. Mehr Infos zu diesem Workshop <a title=\"Workshop Yves Apel\" href=\"http:\/\/2014.pubkon.eu\/workshops\/epub\" target=\"_blank\">hier<\/a>.<\/p>\n<div class=\"shariff\"><ul class=\"shariff-buttons theme-default orientation-horizontal buttonsize-medium\"><li class=\"shariff-button twitter shariff-nocustomcolor\" style=\"background-color:#1e3050\"><a href=\"https:\/\/twitter.com\/share?url=https%3A%2F%2Fwww.sachaheck.net%2Fblog%2Fmediengestalter_luxemburg%2Fbucherscheinung-ebooks-indesign-yves-apel&text=Bucherscheinung%3A%20E-Books%20mit%20InDesign%20CC%20von%20Yves%20Apel\" title=\"Bei X (Twitter) teilen\" aria-label=\"Bei X (Twitter) teilen\" role=\"button\" rel=\"noreferrernoopener nofollow\" class=\"shariff-link\" style=\"; background-color:#000000; color:#fff\" target=\"_blank\"><span class=\"shariff-icon\" style=\"\"><svg xmlns=\"http:\/\/www.w3.org\/2000\/svg\" height=\"1em\" viewBox=\"0 0 512 512\"><!--! Font Awesome Free 6.4.2 by @fontawesome - https:\/\/fontawesome.com License - https:\/\/fontawesome.com\/license (Commercial License) Copyright 2023 Fonticons, Inc. --><style>svg{fill:#ffffff}<\/style><path d=\"M389.2 48h70.6L305.6 224.2 487 464H345L233.7 318.6 106.5 464H35.8L200.7 275.5 26.8 48H172.4L272.9 180.9 389.2 48zM364.4 421.8h39.1L151.1 88h-42L364.4 421.8z\"\/><\/svg><\/span><span class=\"shariff-text\">twittern<\/span>&nbsp;<\/a><\/li><li class=\"shariff-button facebook shariff-nocustomcolor\" style=\"background-color:#4273c8\"><a href=\"https:\/\/www.facebook.com\/sharer\/sharer.php?u=https%3A%2F%2Fwww.sachaheck.net%2Fblog%2Fmediengestalter_luxemburg%2Fbucherscheinung-ebooks-indesign-yves-apel\" title=\"Bei Facebook teilen\" aria-label=\"Bei Facebook teilen\" role=\"button\" rel=\"noreferrernoopener nofollow\" class=\"shariff-link\" style=\"; background-color:#3b5998; color:#fff\" target=\"_blank\"><span class=\"shariff-icon\" style=\"\"><svg width=\"32px\" height=\"20px\" xmlns=\"http:\/\/www.w3.org\/2000\/svg\" viewBox=\"0 0 18 32\"><path fill=\"#3b5998\" d=\"M17.1 0.2v4.7h-2.8q-1.5 0-2.1 0.6t-0.5 1.9v3.4h5.2l-0.7 5.3h-4.5v13.6h-5.5v-13.6h-4.5v-5.3h4.5v-3.9q0-3.3 1.9-5.2t5-1.8q2.6 0 4.1 0.2z\"\/><\/svg><\/span><span class=\"shariff-text\">teilen<\/span>&nbsp;<\/a><\/li><li class=\"shariff-button linkedin shariff-nocustomcolor\" style=\"background-color:#1488bf\"><a href=\"https:\/\/www.linkedin.com\/sharing\/share-offsite\/?url=https%3A%2F%2Fwww.sachaheck.net%2Fblog%2Fmediengestalter_luxemburg%2Fbucherscheinung-ebooks-indesign-yves-apel\" title=\"Bei LinkedIn teilen\" aria-label=\"Bei LinkedIn teilen\" role=\"button\" rel=\"noreferrernoopener nofollow\" class=\"shariff-link\" style=\"; background-color:#0077b5; color:#fff\" target=\"_blank\"><span class=\"shariff-icon\" style=\"\"><svg width=\"32px\" height=\"20px\" xmlns=\"http:\/\/www.w3.org\/2000\/svg\" viewBox=\"0 0 27 32\"><path fill=\"#0077b5\" d=\"M6.2 11.2v17.7h-5.9v-17.7h5.9zM6.6 5.7q0 1.3-0.9 2.2t-2.4 0.9h0q-1.5 0-2.4-0.9t-0.9-2.2 0.9-2.2 2.4-0.9 2.4 0.9 0.9 2.2zM27.4 18.7v10.1h-5.9v-9.5q0-1.9-0.7-2.9t-2.3-1.1q-1.1 0-1.9 0.6t-1.2 1.5q-0.2 0.5-0.2 1.4v9.9h-5.9q0-7.1 0-11.6t0-5.3l0-0.9h5.9v2.6h0q0.4-0.6 0.7-1t1-0.9 1.6-0.8 2-0.3q3 0 4.9 2t1.9 6z\"\/><\/svg><\/span><span class=\"shariff-text\">mitteilen<\/span>&nbsp;<\/a><\/li><\/ul><\/div>","protected":false},"excerpt":{"rendered":"<p>Mitte 2011 wagten Yves Apel und ich mich daran, ein Buch zu schreiben \u2013 ein ziemlich technisches \u00fcber die E-Book Erstellung mit InDesign. Mein Kollege Yves Apel, Adobe Certified Expert &#038; Instructor f\u00fcr InDesign, hat nun den Nachfolgeband ver\u00f6ffentlicht.<\/p>\n","protected":false},"author":1,"featured_media":0,"comment_status":"open","ping_status":"open","sticky":false,"template":"","format":"standard","meta":{"ngg_post_thumbnail":0},"categories":[100,6],"tags":[196,389,234,394,393,290,392,101,102,88,391,424,109,195,262,390,388],"_links":{"self":[{"href":"https:\/\/www.sachaheck.net\/blog\/wp-json\/wp\/v2\/posts\/1686"}],"collection":[{"href":"https:\/\/www.sachaheck.net\/blog\/wp-json\/wp\/v2\/posts"}],"about":[{"href":"https:\/\/www.sachaheck.net\/blog\/wp-json\/wp\/v2\/types\/post"}],"author":[{"embeddable":true,"href":"https:\/\/www.sachaheck.net\/blog\/wp-json\/wp\/v2\/users\/1"}],"replies":[{"embeddable":true,"href":"https:\/\/www.sachaheck.net\/blog\/wp-json\/wp\/v2\/comments?post=1686"}],"version-history":[{"count":8,"href":"https:\/\/www.sachaheck.net\/blog\/wp-json\/wp\/v2\/posts\/1686\/revisions"}],"predecessor-version":[{"id":1695,"href":"https:\/\/www.sachaheck.net\/blog\/wp-json\/wp\/v2\/posts\/1686\/revisions\/1695"}],"wp:attachment":[{"href":"https:\/\/www.sachaheck.net\/blog\/wp-json\/wp\/v2\/media?parent=1686"}],"wp:term":[{"taxonomy":"category","embeddable":true,"href":"https:\/\/www.sachaheck.net\/blog\/wp-json\/wp\/v2\/categories?post=1686"},{"taxonomy":"post_tag","embeddable":true,"href":"https:\/\/www.sachaheck.net\/blog\/wp-json\/wp\/v2\/tags?post=1686"}],"curies":[{"name":"wp","href":"https:\/\/api.w.org\/{rel}","templated":true}]}}