{"id":169,"date":"2009-03-20T17:09:00","date_gmt":"2009-03-20T16:09:00","guid":{"rendered":"http:\/\/www.sachaheck.net\/blog\/?p=169"},"modified":"2009-03-20T17:09:00","modified_gmt":"2009-03-20T16:09:00","slug":"indesign-next-style","status":"publish","type":"post","link":"https:\/\/www.sachaheck.net\/blog\/indesign\/indesign-next-style","title":{"rendered":"Automatisierung mit \u00bbN\u00e4chstes Format\u00ab (Next Style)"},"content":{"rendered":"<p>Eine sehr n\u00fctzliche Funktion in InDesign die man nicht auf den ersten Blick in einem Panel oder Men\u00fc findet, ist \u00bbN\u00e4chstes Format anwenden\u00ab (Next Style).<\/p>\n<p>Dazu ein einfaches Praxisbeispiel:<\/p>\n<p><img loading=\"lazy\" class=\"alignnone size-full wp-image-170\" title=\"beispieltabelle\" src=\"https:\/\/www.sachaheck.net\/blog\/wp-content\/uploads\/2009\/03\/beispieltabelle.jpg\" alt=\"beispieltabelle\" width=\"282\" height=\"398\" \/><\/p>\n<p>Wie kann man die Farbunterlegung der einzelnen Zeilen automatisieren? Eine M\u00f6glichkeit w\u00e4re es, eine ein- oder zweispaltige Tabelle zu verwenden und die Tabellen-Funktion zu nutzen die jede zweite Zeile einf\u00e4rbt. Die zweite M\u00f6glichkeit, die bei umbrechenden Textspalten viel bequemer zu handhaben ist, ist \u00bbN\u00e4chstes Format.<\/p>\n<p>Was braucht es dazu?<\/p>\n<p>Zuerst m\u00fcssen zwei Absatzformate definiert werden: Ein Absatzformat f\u00fcr die erste Farbunterlegung und eines f\u00fcr die zweite. Die Farbunterlegung kann hier mit Absatzlinien erfolgen wie im folgenden Screenshot z.B. gezeigt.<\/p>\n<p><img loading=\"lazy\" class=\"alignnone size-full wp-image-171\" title=\"ruler_def\" src=\"https:\/\/www.sachaheck.net\/blog\/wp-content\/uploads\/2009\/03\/ruler_def.jpg\" alt=\"ruler_def\" width=\"500\" height=\"374\" srcset=\"https:\/\/www.sachaheck.net\/blog\/wp-content\/uploads\/2009\/03\/ruler_def.jpg 500w, https:\/\/www.sachaheck.net\/blog\/wp-content\/uploads\/2009\/03\/ruler_def-300x224.jpg 300w\" sizes=\"(max-width: 500px) 100vw, 500px\" \/><\/p>\n<p><img loading=\"lazy\" class=\"alignnone size-full wp-image-174\" title=\"formatepalette_nextstyle\" src=\"https:\/\/www.sachaheck.net\/blog\/wp-content\/uploads\/2009\/03\/formatepalette_nextstyle.jpg\" alt=\"formatepalette_nextstyle\" width=\"207\" height=\"183\" \/><\/p>\n<p>Was jetzt wichtig ist, ist in jedem Format bei \u00bbn\u00e4chstes Format\u00ab jeweils das andere anzugeben. Dadurch kann dann sp\u00e4ter ein Schleife entstehen: Absatzformat 1 sagt: N\u00e4chstes Format ist Absatzformat 2 und umgedreht.<\/p>\n<p><img loading=\"lazy\" class=\"alignnone size-full wp-image-172\" title=\"next_style_def\" src=\"https:\/\/www.sachaheck.net\/blog\/wp-content\/uploads\/2009\/03\/next_style_def.jpg\" alt=\"next_style_def\" width=\"500\" height=\"276\" srcset=\"https:\/\/www.sachaheck.net\/blog\/wp-content\/uploads\/2009\/03\/next_style_def.jpg 500w, https:\/\/www.sachaheck.net\/blog\/wp-content\/uploads\/2009\/03\/next_style_def-300x165.jpg 300w\" sizes=\"(max-width: 500px) 100vw, 500px\" \/><\/p>\n<p>Um jetzt den ganzen Text zu formatieren, mu\u00df er zuerst ganz ausgew\u00e4hlt werden. Dann: nicht in der Absatzformatepalette auf das Absatzformat klicken, sondern einen Rechtsklick auf das <strong>Erste<\/strong> <strong>(!)<\/strong> Absatzformat machen das zum Einsatz kommt (bzw. CTRL-Klick bei One-Button-M\u00e4usen) Hier gibt es nun die Option \u00bb\u2026 anwenden \u2026 n\u00e4chstes Format\u00ab (Apply \u2026 then next style).<\/p>\n<p><img loading=\"lazy\" class=\"alignnone size-full wp-image-173\" title=\"apply_next\" src=\"https:\/\/www.sachaheck.net\/blog\/wp-content\/uploads\/2009\/03\/apply_next.jpg\" alt=\"apply_next\" width=\"500\" height=\"455\" srcset=\"https:\/\/www.sachaheck.net\/blog\/wp-content\/uploads\/2009\/03\/apply_next.jpg 500w, https:\/\/www.sachaheck.net\/blog\/wp-content\/uploads\/2009\/03\/apply_next-300x273.jpg 300w\" sizes=\"(max-width: 500px) 100vw, 500px\" \/><\/p>\n<p>Et voil\u00e0 :-)<\/p>\n<p>Und hier gibt&#8217;s noch das Austauschformat (Interchange, INX) zum <a href=\"https:\/\/www.sachaheck.net\/blog\/wp-content\/uploads\/2009\/03\/liste_next_style.inx\" target=\"_blank\">Runterladen<\/a>.<br \/>\n(Rechtsklick: Ziel speichern unter)<\/p>\n<div class=\"shariff\"><ul class=\"shariff-buttons theme-default orientation-horizontal buttonsize-medium\"><li class=\"shariff-button twitter shariff-nocustomcolor\" style=\"background-color:#1e3050\"><a href=\"https:\/\/twitter.com\/share?url=https%3A%2F%2Fwww.sachaheck.net%2Fblog%2Findesign%2Findesign-next-style&text=Automatisierung%20mit%20%C2%BBN%C3%A4chstes%20Format%C2%AB%20%28Next%20Style%29\" title=\"Bei X (Twitter) teilen\" aria-label=\"Bei X (Twitter) teilen\" role=\"button\" rel=\"noreferrernoopener nofollow\" class=\"shariff-link\" style=\"; background-color:#000000; color:#fff\" target=\"_blank\"><span class=\"shariff-icon\" style=\"\"><svg xmlns=\"http:\/\/www.w3.org\/2000\/svg\" height=\"1em\" viewBox=\"0 0 512 512\"><!--! Font Awesome Free 6.4.2 by @fontawesome - https:\/\/fontawesome.com License - https:\/\/fontawesome.com\/license (Commercial License) Copyright 2023 Fonticons, Inc. --><style>svg{fill:#ffffff}<\/style><path d=\"M389.2 48h70.6L305.6 224.2 487 464H345L233.7 318.6 106.5 464H35.8L200.7 275.5 26.8 48H172.4L272.9 180.9 389.2 48zM364.4 421.8h39.1L151.1 88h-42L364.4 421.8z\"\/><\/svg><\/span><span class=\"shariff-text\">twittern<\/span>&nbsp;<\/a><\/li><li class=\"shariff-button facebook shariff-nocustomcolor\" style=\"background-color:#4273c8\"><a href=\"https:\/\/www.facebook.com\/sharer\/sharer.php?u=https%3A%2F%2Fwww.sachaheck.net%2Fblog%2Findesign%2Findesign-next-style\" title=\"Bei Facebook teilen\" aria-label=\"Bei Facebook teilen\" role=\"button\" rel=\"noreferrernoopener nofollow\" class=\"shariff-link\" style=\"; background-color:#3b5998; color:#fff\" target=\"_blank\"><span class=\"shariff-icon\" style=\"\"><svg width=\"32px\" height=\"20px\" xmlns=\"http:\/\/www.w3.org\/2000\/svg\" viewBox=\"0 0 18 32\"><path fill=\"#3b5998\" d=\"M17.1 0.2v4.7h-2.8q-1.5 0-2.1 0.6t-0.5 1.9v3.4h5.2l-0.7 5.3h-4.5v13.6h-5.5v-13.6h-4.5v-5.3h4.5v-3.9q0-3.3 1.9-5.2t5-1.8q2.6 0 4.1 0.2z\"\/><\/svg><\/span><span class=\"shariff-text\">teilen<\/span>&nbsp;<\/a><\/li><li class=\"shariff-button linkedin shariff-nocustomcolor\" style=\"background-color:#1488bf\"><a href=\"https:\/\/www.linkedin.com\/sharing\/share-offsite\/?url=https%3A%2F%2Fwww.sachaheck.net%2Fblog%2Findesign%2Findesign-next-style\" title=\"Bei LinkedIn teilen\" aria-label=\"Bei LinkedIn teilen\" role=\"button\" rel=\"noreferrernoopener nofollow\" class=\"shariff-link\" style=\"; background-color:#0077b5; color:#fff\" target=\"_blank\"><span class=\"shariff-icon\" style=\"\"><svg width=\"32px\" height=\"20px\" xmlns=\"http:\/\/www.w3.org\/2000\/svg\" viewBox=\"0 0 27 32\"><path fill=\"#0077b5\" d=\"M6.2 11.2v17.7h-5.9v-17.7h5.9zM6.6 5.7q0 1.3-0.9 2.2t-2.4 0.9h0q-1.5 0-2.4-0.9t-0.9-2.2 0.9-2.2 2.4-0.9 2.4 0.9 0.9 2.2zM27.4 18.7v10.1h-5.9v-9.5q0-1.9-0.7-2.9t-2.3-1.1q-1.1 0-1.9 0.6t-1.2 1.5q-0.2 0.5-0.2 1.4v9.9h-5.9q0-7.1 0-11.6t0-5.3l0-0.9h5.9v2.6h0q0.4-0.6 0.7-1t1-0.9 1.6-0.8 2-0.3q3 0 4.9 2t1.9 6z\"\/><\/svg><\/span><span class=\"shariff-text\">mitteilen<\/span>&nbsp;<\/a><\/li><\/ul><\/div>","protected":false},"excerpt":{"rendered":"<p>Eine sehr n\u00fctzliche Funktion in InDesign die man nicht auf den ersten Blick in einem Panel oder Men\u00fc findet, ist \u00bbN\u00e4chstes Format anwenden\u00ab (Next Style). Dazu ein einfaches Praxisbeispiel: Wie kann man die Farbunterlegung der einzelnen Zeilen automatisieren? Eine M\u00f6glichkeit w\u00e4re es, eine ein- oder zweispaltige Tabelle zu verwenden und die Tabellen-Funktion zu nutzen die&hellip;<\/p>\n","protected":false},"author":1,"featured_media":0,"comment_status":"open","ping_status":"open","sticky":false,"template":"","format":"standard","meta":{"ngg_post_thumbnail":0},"categories":[12,3],"tags":[],"_links":{"self":[{"href":"https:\/\/www.sachaheck.net\/blog\/wp-json\/wp\/v2\/posts\/169"}],"collection":[{"href":"https:\/\/www.sachaheck.net\/blog\/wp-json\/wp\/v2\/posts"}],"about":[{"href":"https:\/\/www.sachaheck.net\/blog\/wp-json\/wp\/v2\/types\/post"}],"author":[{"embeddable":true,"href":"https:\/\/www.sachaheck.net\/blog\/wp-json\/wp\/v2\/users\/1"}],"replies":[{"embeddable":true,"href":"https:\/\/www.sachaheck.net\/blog\/wp-json\/wp\/v2\/comments?post=169"}],"version-history":[{"count":8,"href":"https:\/\/www.sachaheck.net\/blog\/wp-json\/wp\/v2\/posts\/169\/revisions"}],"predecessor-version":[{"id":183,"href":"https:\/\/www.sachaheck.net\/blog\/wp-json\/wp\/v2\/posts\/169\/revisions\/183"}],"wp:attachment":[{"href":"https:\/\/www.sachaheck.net\/blog\/wp-json\/wp\/v2\/media?parent=169"}],"wp:term":[{"taxonomy":"category","embeddable":true,"href":"https:\/\/www.sachaheck.net\/blog\/wp-json\/wp\/v2\/categories?post=169"},{"taxonomy":"post_tag","embeddable":true,"href":"https:\/\/www.sachaheck.net\/blog\/wp-json\/wp\/v2\/tags?post=169"}],"curies":[{"name":"wp","href":"https:\/\/api.w.org\/{rel}","templated":true}]}}