{"id":658,"date":"2010-06-28T19:59:51","date_gmt":"2010-06-28T18:59:51","guid":{"rendered":"http:\/\/www.sachaheck.net\/blog\/?p=658"},"modified":"2010-06-28T19:59:51","modified_gmt":"2010-06-28T18:59:51","slug":"illu-farbe-transparent","status":"publish","type":"post","link":"https:\/\/www.sachaheck.net\/blog\/illustrator\/illu-farbe-transparent","title":{"rendered":"Illustrator: Verlauf nach Transparent?"},"content":{"rendered":"<p>In InDesign gibt es seit der Version CS3 eine Funktion die ich nicht mehr missen m\u00f6chte: Die Weiche Verlaufskante (Gradient Feather Tool). Wir finden das Tool im Effekte-Bedienfeld. InDesign erm\u00f6glicht hiermit, das ausgew\u00e4hlte Objekt ins Transparente verlaufen zu lassen, was vor allem dann wichtig ist, wenn das Objekt auf einem Hintergrund steht und nicht auf Wei\u00df. Hier z.B. l\u00e4uft das gelbe Rechteck ins Transparente und mischt sich mit dem Magenta Hintergrund:<\/p>\n<p><img loading=\"lazy\" class=\"alignnone size-full wp-image-659\" title=\"gradient_feather\" src=\"https:\/\/www.sachaheck.net\/blog\/wp-content\/uploads\/2010\/06\/gradient_feather.jpg\" alt=\"\" width=\"500\" height=\"424\" srcset=\"https:\/\/www.sachaheck.net\/blog\/wp-content\/uploads\/2010\/06\/gradient_feather.jpg 500w, https:\/\/www.sachaheck.net\/blog\/wp-content\/uploads\/2010\/06\/gradient_feather-300x254.jpg 300w\" sizes=\"(max-width: 500px) 100vw, 500px\" \/><\/p>\n<p>Die Frage ist nun: Wie erstelle ich den gleichen Effekt in Illustrator? Denn wenn ich eine AI-Datei in InDesign platziere, kann ich nur das Objekt global ins Transparente laufen lassen, nicht aber einzelne Elemente einer Vektorgrafik z.B. Dazu mu\u00df man das Element entsprechend in Illustrator vorbereiten damit danach beim Import in InDesign diese Transparenz greift.<\/p>\n<p>In Photoshop w\u00fcrde man diese Aufgabe \u00fcber eine Maske l\u00f6sen. Einfach Ebenenmaske hinzuf\u00fcgen und auf dieser einen Schwarz-Wei\u00df-Verlauf ziehen:<\/p>\n<p><img loading=\"lazy\" class=\"alignnone size-full wp-image-660\" title=\"Photoshop_Maske_Verlauf\" src=\"https:\/\/www.sachaheck.net\/blog\/wp-content\/uploads\/2010\/06\/Photoshop_Maske_Verlauf.jpg\" alt=\"\" width=\"550\" height=\"173\" srcset=\"https:\/\/www.sachaheck.net\/blog\/wp-content\/uploads\/2010\/06\/Photoshop_Maske_Verlauf.jpg 550w, https:\/\/www.sachaheck.net\/blog\/wp-content\/uploads\/2010\/06\/Photoshop_Maske_Verlauf-300x94.jpg 300w\" sizes=\"(max-width: 550px) 100vw, 550px\" \/><\/p>\n<p>Nun, in Illustrator geht es fast \u00e4hnlich, nur nicht genau so intuitiv, da vektor-basiert. Das Zauberwort hei\u00dft hier: Deckkraftmaske (Opacity Mask). Wir zeichnen zuerst die Formen und w\u00e4hlen dann das gelbe Rechteck aus. Dann kopieren wir dieses in die Zwischenablage mit Apfel-(Strg)-C und f\u00fcgen es davor ein mit Apfel-(Strg)-F oder Men\u00fc \u00bbBearbeiten \u2013 Davor einf\u00fcgen (Paste in front)\u00ab. Jetzt haben wir zwei Rechtecke deckungsgleich \u00fcbereinander. Dem oberen Rechteck das jetzt ausgew\u00e4hlt ist, geben wir einen Schwarz-Wei\u00df-Verlauf:<\/p>\n<p><img loading=\"lazy\" class=\"alignnone size-full wp-image-661\" title=\"illu_verlauf_vorbereiten\" src=\"https:\/\/www.sachaheck.net\/blog\/wp-content\/uploads\/2010\/06\/illu_verlauf_vorbereiten.jpg\" alt=\"\" width=\"500\" height=\"291\" srcset=\"https:\/\/www.sachaheck.net\/blog\/wp-content\/uploads\/2010\/06\/illu_verlauf_vorbereiten.jpg 500w, https:\/\/www.sachaheck.net\/blog\/wp-content\/uploads\/2010\/06\/illu_verlauf_vorbereiten-300x174.jpg 300w\" sizes=\"(max-width: 500px) 100vw, 500px\" \/><\/p>\n<p>Dieser Verlauf bestimmt jetzt \u2013 wie in Photoshop \u2013 wo das Objekt nachher transparent ist und wo nicht. Schwarz ist transparent und wei\u00df zeigt das Objekt. Um eine Deckkraftmaske zu erstellen, m\u00fcssen beide Objekte jetzt ausgew\u00e4hlt werden: das gelbe Rechteck und das deckungsgleiche Schwarz-Wei\u00df-Rechteck. Jetzt kommt das Transparenz-Bedienfeld zum Einsatz. Wir w\u00e4hlen hier aus dem Flyout-Men\u00fc des Bedienfeldes: \u00bbDeckkraftmaske erstellen (Make Opacity Mask)\u00ab:<\/p>\n<p><img loading=\"lazy\" class=\"alignnone size-full wp-image-662\" title=\"Illu_Opacity_Mask\" src=\"https:\/\/www.sachaheck.net\/blog\/wp-content\/uploads\/2010\/06\/Illu_Opacity_Mask.jpg\" alt=\"\" width=\"500\" height=\"335\" srcset=\"https:\/\/www.sachaheck.net\/blog\/wp-content\/uploads\/2010\/06\/Illu_Opacity_Mask.jpg 500w, https:\/\/www.sachaheck.net\/blog\/wp-content\/uploads\/2010\/06\/Illu_Opacity_Mask-300x201.jpg 300w\" sizes=\"(max-width: 500px) 100vw, 500px\" \/><\/p>\n<p>Der Effekt ist erstellt. Im Transparenzbedienfeld wird eine Maske angeh\u00e4ngt. Klicken wir auf die Maske rechts, k\u00f6nnen wir diese noch bearbeiten. Klicken wir links, k\u00f6nnen wir das Objekt (gelbes Rechteck) noch weiter bearbeiten.<\/p>\n<p><img loading=\"lazy\" class=\"alignnone size-full wp-image-663\" title=\"illus_maske_panel\" src=\"https:\/\/www.sachaheck.net\/blog\/wp-content\/uploads\/2010\/06\/illus_maske_panel.jpg\" alt=\"\" width=\"500\" height=\"344\" srcset=\"https:\/\/www.sachaheck.net\/blog\/wp-content\/uploads\/2010\/06\/illus_maske_panel.jpg 500w, https:\/\/www.sachaheck.net\/blog\/wp-content\/uploads\/2010\/06\/illus_maske_panel-300x206.jpg 300w\" sizes=\"(max-width: 500px) 100vw, 500px\" \/><\/p>\n<p>Der Vorteil dieser Vorgehensweise ist jetzt, dass man jetzt auch nur einzelne Elemente einer Illustration z.B. so bearbeiten kann:<\/p>\n<p><img loading=\"lazy\" class=\"alignnone size-full wp-image-664\" title=\"element_verlauf\" src=\"https:\/\/www.sachaheck.net\/blog\/wp-content\/uploads\/2010\/06\/element_verlauf.jpg\" alt=\"\" width=\"300\" height=\"360\" srcset=\"https:\/\/www.sachaheck.net\/blog\/wp-content\/uploads\/2010\/06\/element_verlauf.jpg 300w, https:\/\/www.sachaheck.net\/blog\/wp-content\/uploads\/2010\/06\/element_verlauf-250x300.jpg 250w\" sizes=\"(max-width: 300px) 100vw, 300px\" \/><\/p>\n<p>Bei dieser Illustration wurde nur der oberen Linie solch ein transparenter Verlauf zugewiesen:<\/p>\n<p><img loading=\"lazy\" class=\"alignnone size-full wp-image-665\" title=\"emelent_verlauf_panel\" src=\"https:\/\/www.sachaheck.net\/blog\/wp-content\/uploads\/2010\/06\/emelent_verlauf_panel.jpg\" alt=\"\" width=\"450\" height=\"445\" srcset=\"https:\/\/www.sachaheck.net\/blog\/wp-content\/uploads\/2010\/06\/emelent_verlauf_panel.jpg 450w, https:\/\/www.sachaheck.net\/blog\/wp-content\/uploads\/2010\/06\/emelent_verlauf_panel-300x296.jpg 300w, https:\/\/www.sachaheck.net\/blog\/wp-content\/uploads\/2010\/06\/emelent_verlauf_panel-50x50.jpg 50w\" sizes=\"(max-width: 450px) 100vw, 450px\" \/><\/p>\n<p>Wenn ich jetzt den Magentaverlauf ausklicke oder l\u00f6sche, dann eine AI-Illustrator-Datei absichere und diese in InDesign importiere, dann wirkt diese Transparenz auch hier noch, d.h. ich kann diese auf irgendeinen anderen Hintergrund stellen:<\/p>\n<p><img loading=\"lazy\" class=\"alignnone size-full wp-image-666\" title=\"id_transp_verlauf\" src=\"https:\/\/www.sachaheck.net\/blog\/wp-content\/uploads\/2010\/06\/id_transp_verlauf.jpg\" alt=\"\" width=\"450\" height=\"448\" srcset=\"https:\/\/www.sachaheck.net\/blog\/wp-content\/uploads\/2010\/06\/id_transp_verlauf.jpg 450w, https:\/\/www.sachaheck.net\/blog\/wp-content\/uploads\/2010\/06\/id_transp_verlauf-150x150.jpg 150w, https:\/\/www.sachaheck.net\/blog\/wp-content\/uploads\/2010\/06\/id_transp_verlauf-300x298.jpg 300w, https:\/\/www.sachaheck.net\/blog\/wp-content\/uploads\/2010\/06\/id_transp_verlauf-50x50.jpg 50w\" sizes=\"(max-width: 450px) 100vw, 450px\" \/><\/p>\n<div class=\"shariff\"><ul class=\"shariff-buttons theme-default orientation-horizontal buttonsize-medium\"><li class=\"shariff-button twitter shariff-nocustomcolor\" style=\"background-color:#1e3050\"><a href=\"https:\/\/twitter.com\/share?url=https%3A%2F%2Fwww.sachaheck.net%2Fblog%2Fillustrator%2Fillu-farbe-transparent&text=Illustrator%3A%20Verlauf%20nach%20Transparent%3F\" title=\"Bei X (Twitter) teilen\" aria-label=\"Bei X (Twitter) teilen\" role=\"button\" rel=\"noreferrernoopener nofollow\" class=\"shariff-link\" style=\"; background-color:#000000; color:#fff\" target=\"_blank\"><span class=\"shariff-icon\" style=\"\"><svg xmlns=\"http:\/\/www.w3.org\/2000\/svg\" height=\"1em\" viewBox=\"0 0 512 512\"><!--! Font Awesome Free 6.4.2 by @fontawesome - https:\/\/fontawesome.com License - https:\/\/fontawesome.com\/license (Commercial License) Copyright 2023 Fonticons, Inc. --><style>svg{fill:#ffffff}<\/style><path d=\"M389.2 48h70.6L305.6 224.2 487 464H345L233.7 318.6 106.5 464H35.8L200.7 275.5 26.8 48H172.4L272.9 180.9 389.2 48zM364.4 421.8h39.1L151.1 88h-42L364.4 421.8z\"\/><\/svg><\/span><span class=\"shariff-text\">twittern<\/span>&nbsp;<\/a><\/li><li class=\"shariff-button facebook shariff-nocustomcolor\" style=\"background-color:#4273c8\"><a href=\"https:\/\/www.facebook.com\/sharer\/sharer.php?u=https%3A%2F%2Fwww.sachaheck.net%2Fblog%2Fillustrator%2Fillu-farbe-transparent\" title=\"Bei Facebook teilen\" aria-label=\"Bei Facebook teilen\" role=\"button\" rel=\"noreferrernoopener nofollow\" class=\"shariff-link\" style=\"; background-color:#3b5998; color:#fff\" target=\"_blank\"><span class=\"shariff-icon\" style=\"\"><svg width=\"32px\" height=\"20px\" xmlns=\"http:\/\/www.w3.org\/2000\/svg\" viewBox=\"0 0 18 32\"><path fill=\"#3b5998\" d=\"M17.1 0.2v4.7h-2.8q-1.5 0-2.1 0.6t-0.5 1.9v3.4h5.2l-0.7 5.3h-4.5v13.6h-5.5v-13.6h-4.5v-5.3h4.5v-3.9q0-3.3 1.9-5.2t5-1.8q2.6 0 4.1 0.2z\"\/><\/svg><\/span><span class=\"shariff-text\">teilen<\/span>&nbsp;<\/a><\/li><li class=\"shariff-button linkedin shariff-nocustomcolor\" style=\"background-color:#1488bf\"><a href=\"https:\/\/www.linkedin.com\/sharing\/share-offsite\/?url=https%3A%2F%2Fwww.sachaheck.net%2Fblog%2Fillustrator%2Fillu-farbe-transparent\" title=\"Bei LinkedIn teilen\" aria-label=\"Bei LinkedIn teilen\" role=\"button\" rel=\"noreferrernoopener nofollow\" class=\"shariff-link\" style=\"; background-color:#0077b5; color:#fff\" target=\"_blank\"><span class=\"shariff-icon\" style=\"\"><svg width=\"32px\" height=\"20px\" xmlns=\"http:\/\/www.w3.org\/2000\/svg\" viewBox=\"0 0 27 32\"><path fill=\"#0077b5\" d=\"M6.2 11.2v17.7h-5.9v-17.7h5.9zM6.6 5.7q0 1.3-0.9 2.2t-2.4 0.9h0q-1.5 0-2.4-0.9t-0.9-2.2 0.9-2.2 2.4-0.9 2.4 0.9 0.9 2.2zM27.4 18.7v10.1h-5.9v-9.5q0-1.9-0.7-2.9t-2.3-1.1q-1.1 0-1.9 0.6t-1.2 1.5q-0.2 0.5-0.2 1.4v9.9h-5.9q0-7.1 0-11.6t0-5.3l0-0.9h5.9v2.6h0q0.4-0.6 0.7-1t1-0.9 1.6-0.8 2-0.3q3 0 4.9 2t1.9 6z\"\/><\/svg><\/span><span class=\"shariff-text\">mitteilen<\/span>&nbsp;<\/a><\/li><\/ul><\/div>","protected":false},"excerpt":{"rendered":"<p>Die Weiche Verlaufskante finden wir im Effekte-Bedienfeld. InDesign erm\u00f6glicht hiermit, das ausgew\u00e4hlte Objekt ins Transparente verlaufen zu lassen, was vor allem dann wichtig ist wenn das Objekt auf einem Hintergrund steht und nicht auf Wei\u00df. Die Frage ist nun: Wie erstelle ich den gleichen Effekt in Illustrator? Denn wenn ich eine AI-Datei in InDesign platziere, kann ich nur das Objekt global ins Transparente laufen lassen, nicht aber einzelne Elemente einer Vektorgrafik z.B. Dazu mu\u00df man das Element entsprechend in Illustrator vorbereiten.<\/p>\n","protected":false},"author":1,"featured_media":0,"comment_status":"open","ping_status":"open","sticky":false,"template":"","format":"standard","meta":{"ngg_post_thumbnail":0},"categories":[7],"tags":[114],"_links":{"self":[{"href":"https:\/\/www.sachaheck.net\/blog\/wp-json\/wp\/v2\/posts\/658"}],"collection":[{"href":"https:\/\/www.sachaheck.net\/blog\/wp-json\/wp\/v2\/posts"}],"about":[{"href":"https:\/\/www.sachaheck.net\/blog\/wp-json\/wp\/v2\/types\/post"}],"author":[{"embeddable":true,"href":"https:\/\/www.sachaheck.net\/blog\/wp-json\/wp\/v2\/users\/1"}],"replies":[{"embeddable":true,"href":"https:\/\/www.sachaheck.net\/blog\/wp-json\/wp\/v2\/comments?post=658"}],"version-history":[{"count":3,"href":"https:\/\/www.sachaheck.net\/blog\/wp-json\/wp\/v2\/posts\/658\/revisions"}],"predecessor-version":[{"id":669,"href":"https:\/\/www.sachaheck.net\/blog\/wp-json\/wp\/v2\/posts\/658\/revisions\/669"}],"wp:attachment":[{"href":"https:\/\/www.sachaheck.net\/blog\/wp-json\/wp\/v2\/media?parent=658"}],"wp:term":[{"taxonomy":"category","embeddable":true,"href":"https:\/\/www.sachaheck.net\/blog\/wp-json\/wp\/v2\/categories?post=658"},{"taxonomy":"post_tag","embeddable":true,"href":"https:\/\/www.sachaheck.net\/blog\/wp-json\/wp\/v2\/tags?post=658"}],"curies":[{"name":"wp","href":"https:\/\/api.w.org\/{rel}","templated":true}]}}