{"id":724,"date":"2010-09-03T08:50:06","date_gmt":"2010-09-03T07:50:06","guid":{"rendered":"http:\/\/www.sachaheck.net\/blog\/?p=724"},"modified":"2010-09-03T08:50:06","modified_gmt":"2010-09-03T07:50:06","slug":"indesign_lesebuecher-typo-layout","status":"publish","type":"post","link":"https:\/\/www.sachaheck.net\/blog\/indesign\/indesign_lesebuecher-typo-layout","title":{"rendered":"Typografie in InDesign: Leseb\u00fccher und Romane gestalten"},"content":{"rendered":"<p>Ein Lesebuch bzw. Roman mag auf den ersten Blick f\u00fcr den Gestalter nicht sehr aufregend erscheinen. Jedoch ist das ein typisches Druckprodukt in dem man das typografische K\u00f6nnen des Gestalters erkennen kann (oder auch nicht ;-) Wie Adobes John Warnock sagt: \u00bbGood typography is something everyone sees, but no one notices.\u00ab Genau das ist es: Die Typografie soll dem Leser dienen und ihn m\u00f6glichst beim Lesen unterst\u00fctzen und nicht behindern. Wir sehen uns im Folgenden an, wie man ein Lesebuch in InDesign anlegt und auf was zu achten ist um eine gepflegte Typografie zu erreichen.<\/p>\n<h3>Anlegen des Dokumentes<\/h3>\n<p>Zuerst wird das Dokument erstellt. Dazu m\u00fcssen wir wissen, welches Endformat das Buch haben soll. Denn nachtr\u00e4gliche Anpassungen sind zwar m\u00f6glich, aber l\u00e4stig und mit Aufwand verbunden. Gehen wir hier mal von einem handlichen Format, Standard DIN-A5 aus. Doppelseiten (Facing Pages) sollte angeklickt werden damit linke und rechte Seiten entstehen. Die R\u00e4nder bleiben erst mal auf Null und Beschnitt brauchen wir nur wenn randabfallende Bilder oder Illustrationen dazu kommen:<\/p>\n<p><img loading=\"lazy\" class=\"alignnone size-full wp-image-726\" title=\"buch_einrichten\" src=\"https:\/\/www.sachaheck.net\/blog\/wp-content\/uploads\/2010\/08\/buch_einrichten.jpg\" alt=\"\" width=\"450\" height=\"430\" srcset=\"https:\/\/www.sachaheck.net\/blog\/wp-content\/uploads\/2010\/08\/buch_einrichten.jpg 450w, https:\/\/www.sachaheck.net\/blog\/wp-content\/uploads\/2010\/08\/buch_einrichten-300x286.jpg 300w\" sizes=\"(max-width: 450px) 100vw, 450px\" \/><\/p>\n<h3>Satzspiegeldefinition<\/h3>\n<p>Jetzt geht es darum, die Haupt-Textseiten zu definieren, d.h. die Schrift und den Satzspiegel. Als Satzspiegel bezeichnen wir das bedruckte Rechteck der Seite, also da wo der Text hin kommt und \u00fcber alle Seiten hinweg gleich bleibt. Je nach Format stellt sich die Frage ob 1-spaltig (ganze Satzbreite) oder 2-spaltig gsetzt werden soll (oder gar 3 oder mehr Spalten). Zu lange Zeilen sollte man vermeiden. Das alles h\u00e4ngt jedoch vom Format der Publikation ab. F\u00fcr A5 bietet sich Satz auf \u00bbvolle Breite\u00ab an, wir wollen ja ein Lesebuch gestalten.<\/p>\n<p>Der Schriftsetzer definiert zuerst die Schrift die er benutzen m\u00f6chte und danach die Satzbreite. Danach ergibt sich aus der Seitenbreite \u2013 Satzbreite = die Seitenr\u00e4nder. Hier gibt es keine pauschal Regel. Alles ist m\u00f6glich aber klassisch ist es so, dass am Fu\u00df der gr\u00f6\u00dfte Leerraum sein sollte, danach au\u00dfen am zweitmeisten, oben im Kopf am drittmeisten und im Bund am wenigsten. Bei umfangreichen B\u00fcchern ist jedoch darauf zu achten dass der Raum im Bund nicht zu klein ist da sonst die Zeilen zu sehr in den Bund hineinfallen. Mit dieser klassischen Aufteilung erreicht man ein harmonisches Verh\u00e4ltnis und die Seiten fallen nicht \u00bbauseinander\u00ab:<\/p>\n<p><img loading=\"lazy\" class=\"alignnone size-full wp-image-727\" title=\"harmonischer Satzspiegel\" src=\"https:\/\/www.sachaheck.net\/blog\/wp-content\/uploads\/2010\/08\/harmonischer-Satzspiegel.jpg\" alt=\"\" width=\"500\" height=\"354\" srcset=\"https:\/\/www.sachaheck.net\/blog\/wp-content\/uploads\/2010\/08\/harmonischer-Satzspiegel.jpg 500w, https:\/\/www.sachaheck.net\/blog\/wp-content\/uploads\/2010\/08\/harmonischer-Satzspiegel-300x212.jpg 300w\" sizes=\"(max-width: 500px) 100vw, 500px\" \/><\/p>\n<p>Das ist jetzt nur ein m\u00f6gliches Beispiel. Es gibt in der klassischen Typografie auch noch andere Aufteilungsm\u00f6glichkeiten. Oder aber etwas total gegens\u00e4tzliches wie etwa einen extrem schmalen Satzspiegel der die Vertikale betont. Einige klassische Methoden werden z.B. im Artikel \u00fcber <a href=\"https:\/\/www.sachaheck.net\/blog\/typographie\/typographie-goldene-schnitt-neunerteilung\" target=\"_blank\">Neuner-\/Zw\u00f6lferteilung und Goldener Schnitt<\/a> aufgezeigt.<\/p>\n<p>Bei einem 2-spaltigen Satzspiegel ist darauf zu achten, dass man nicht \u2014 so wie InDesign es anbietet \u2013 zuerst die Spaltenanzahl und den Spaltenzwischenraum definiert, denn dann kann es vorkommen, dass man etwas \u00bbkrummes\u00ab definiert. Das muss nicht sein:<\/p>\n<p><img loading=\"lazy\" class=\"alignnone size-full wp-image-728\" title=\"gerade_zahlen\" src=\"https:\/\/www.sachaheck.net\/blog\/wp-content\/uploads\/2010\/08\/gerade_zahlen.jpg\" alt=\"\" width=\"477\" height=\"350\" srcset=\"https:\/\/www.sachaheck.net\/blog\/wp-content\/uploads\/2010\/08\/gerade_zahlen.jpg 477w, https:\/\/www.sachaheck.net\/blog\/wp-content\/uploads\/2010\/08\/gerade_zahlen-300x220.jpg 300w\" sizes=\"(max-width: 477px) 100vw, 477px\" \/><\/p>\n<p>Hier kann man ruhig 53 mm Spaltenbreite definieren \u2026<\/p>\n<p>Ist der richtige Satzspiegel gefunden, sollte man diesen auf der Musterseite (!) definieren:<\/p>\n<p><img loading=\"lazy\" class=\"alignnone size-full wp-image-730\" title=\"Satzspiegel\" src=\"https:\/\/www.sachaheck.net\/blog\/wp-content\/uploads\/2010\/08\/Satzspiegel.jpg\" alt=\"\" width=\"500\" height=\"363\" srcset=\"https:\/\/www.sachaheck.net\/blog\/wp-content\/uploads\/2010\/08\/Satzspiegel.jpg 500w, https:\/\/www.sachaheck.net\/blog\/wp-content\/uploads\/2010\/08\/Satzspiegel-300x217.jpg 300w\" sizes=\"(max-width: 500px) 100vw, 500px\" \/><\/p>\n<p>Wichtig ist, hier auf der Musterseite auch Dinge zu definieren wie Seitenzahl oder lebende Kolumnentitel im Kopf z.B. also alles was auf jeder Seite wiederkehrt. Diese werden jedoch nicht zum Satzspiegel dazu gerechnet (Rosa Linien).<\/p>\n<h3>Schriftgrad, Durchschuss?<\/h3>\n<p>Wenn der Satzspiegel definiert worden ist, mu\u00df man die geeignete Schrift f\u00fcr den Text w\u00e4hlen. Danach folgt die Entscheidung welcher Schriftgrad verwendet wird sowie welcher Zeilenabstand. Den Zeilenabstand sollte man ruhig eher zu gro\u00dfz\u00fcgig w\u00e4hlen als nicht genug. Das Lesen langer kompress gesetzter Texte ist nicht sehr angenehm. Als Faustregel kann man es zuerst immer mal versuchen, den Durchschuss 4 Punkt gr\u00f6\u00dfer als den Schriftgrad zu setzen und von da aus variieren:<\/p>\n<p><img loading=\"lazy\" class=\"alignnone size-full wp-image-729\" title=\"kompress_splendid\" src=\"https:\/\/www.sachaheck.net\/blog\/wp-content\/uploads\/2010\/08\/kompress_splendid.jpg\" alt=\"\" width=\"499\" height=\"257\" srcset=\"https:\/\/www.sachaheck.net\/blog\/wp-content\/uploads\/2010\/08\/kompress_splendid.jpg 499w, https:\/\/www.sachaheck.net\/blog\/wp-content\/uploads\/2010\/08\/kompress_splendid-300x154.jpg 300w\" sizes=\"(max-width: 499px) 100vw, 499px\" \/><\/p>\n<p>Welche Schrift w\u00e4hlt man denn nun? Auch das ist eine Erfahrungssache. F\u00fcr lange Texte sind oftmals Serifenschriften lesbarer. Es gibt aber auch sehr gut Groteskschriften die sich durchaus eignen k\u00f6nnen f\u00fcr Lestexte. Hier sollte man ruhig einiges ausprobieren. Schriften wie Times, Avant Garde, Helvetica, Futura, Garamond u.s.w. sind derma\u00dfen ausgelutscht \u2026 dabei gibt es sehr sch\u00f6ne moderne Schriften, etwa Minion, Warnock, Bulmer, Chapparal, Officina, Slimbach, Janson, Melior, Trump \u2026 um jetzt nur einige Beispiele zu nennen. Dabei kann die richtige Schriftwahl schon mal ein paar Stunden in Anspruch nehmen. Aber es lohnt sich um kommt der guten Typografie zugute.<\/p>\n<h3>Register halten<\/h3>\n<p>An diesem Punkt ist jetzt Satzspiegel sowie Schriftgr\u00f6\u00dfe und Zeilendurchschuss definiert worden. Als n\u00e4chstes mu\u00df unser Zeilenregister eingestellt werden. Was hat es damit auf sich? Urspr\u00fcnglich war es so, dass jede Zeile auf der Vorder- sowie R\u00fcckseite auf der gleichen H\u00f6he stehen sollte, damit z.B. bei d\u00fcnnem, durchscheinendem Papier die Schrifzeilen nicht tanzen. Das w\u00fcrde unsch\u00f6n aussehen und das angenehme Lesen st\u00f6ren:<\/p>\n<p><img loading=\"lazy\" class=\"alignnone size-full wp-image-731\" title=\"kein_register\" src=\"https:\/\/www.sachaheck.net\/blog\/wp-content\/uploads\/2010\/08\/kein_register.jpg\" alt=\"\" width=\"500\" height=\"230\" srcset=\"https:\/\/www.sachaheck.net\/blog\/wp-content\/uploads\/2010\/08\/kein_register.jpg 500w, https:\/\/www.sachaheck.net\/blog\/wp-content\/uploads\/2010\/08\/kein_register-300x138.jpg 300w\" sizes=\"(max-width: 500px) 100vw, 500px\" \/><\/p>\n<p>Alle guten typografischen B\u00fccher sind registerhaltig gesetzt. Als Referenzwerk gilt ja immer die <a href=\"http:\/\/de.wikipedia.org\/wiki\/Gutenberg-Bibel\" target=\"_blank\">42-zeilige Gutenberg-Bibel<\/a>. Er macht es vor. Der Satz ergibt einfach ein harmonischeres Bild. Aber wenn man nun trotz allem doch nicht registerhaltig setzen m\u00f6chte, dann sollte man wenigstens zwischen den Abs\u00e4tzen genug Zwischenraum w\u00e4hlen, ansonsten wieht es wie ein Fehler aus:<\/p>\n<p><img loading=\"lazy\" class=\"alignnone size-full wp-image-732\" title=\"registerhaltig\" src=\"https:\/\/www.sachaheck.net\/blog\/wp-content\/uploads\/2010\/08\/registerhaltig.jpg\" alt=\"\" width=\"500\" height=\"214\" srcset=\"https:\/\/www.sachaheck.net\/blog\/wp-content\/uploads\/2010\/08\/registerhaltig.jpg 500w, https:\/\/www.sachaheck.net\/blog\/wp-content\/uploads\/2010\/08\/registerhaltig-300x128.jpg 300w\" sizes=\"(max-width: 500px) 100vw, 500px\" \/><\/p>\n<p>Der Satzspiegel mu\u00df nachher in der H\u00f6he ggf. angepasst werden, da die Spaltenh\u00f6he immer auf volle Zeilen ausgeschlossen werden sollte. Au\u00dferdem kann es ja mal vorkommen, dass ein Absatz \u00fcber eine ganze Seite geht und wenn man dann nicht auf volle Zeilen ausgeschlossen hat, sitzt man in der typografischen Klemme ;) In der Praxis hei\u00dft das, dass die untere Linie des Satzspiegels die Schriftlinie der letzten Zeile darstellt:<\/p>\n<p><img loading=\"lazy\" class=\"alignnone size-full wp-image-733\" title=\"letzte_Zeile\" src=\"https:\/\/www.sachaheck.net\/blog\/wp-content\/uploads\/2010\/08\/letzte_Zeile.jpg\" alt=\"\" width=\"500\" height=\"250\" srcset=\"https:\/\/www.sachaheck.net\/blog\/wp-content\/uploads\/2010\/08\/letzte_Zeile.jpg 500w, https:\/\/www.sachaheck.net\/blog\/wp-content\/uploads\/2010\/08\/letzte_Zeile-300x150.jpg 300w\" sizes=\"(max-width: 500px) 100vw, 500px\" \/><\/p>\n<p>Hier kann es sein, dass man f\u00fcr den Fu\u00df ungerade Werte eingeben mu\u00df, da man es hier mit zwei verschiedenen Ma\u00dfsystemen zu tun hat. Auf der einen Seite legen wie unsere Seite heute in metrischem Ma\u00df an (mm, cm), auf der anderen Seite benutzen wie typografische Ma\u00dfsysteme wie Punkt (pt).<\/p>\n<p>Um bei registerhaltigem Satz die Abs\u00e4tze zu kennzeichnen w\u00e4hlt man gerne den Einzug als Stilmittel. Dieser sollte klassisch ein visuelles Quadrat darstellen. Es ist aber durchaus auch ein \u00fcbergro\u00dfer Einzug m\u00f6glich oder sogar ein h\u00e4ngender Einzug. Hier die 3 Beispiele:<\/p>\n<p><img loading=\"lazy\" class=\"alignnone size-full wp-image-734\" title=\"einzuege\" src=\"https:\/\/www.sachaheck.net\/blog\/wp-content\/uploads\/2010\/08\/einzuege.jpg\" alt=\"\" width=\"500\" height=\"318\" srcset=\"https:\/\/www.sachaheck.net\/blog\/wp-content\/uploads\/2010\/08\/einzuege.jpg 500w, https:\/\/www.sachaheck.net\/blog\/wp-content\/uploads\/2010\/08\/einzuege-300x190.jpg 300w\" sizes=\"(max-width: 500px) 100vw, 500px\" \/><\/p>\n<h3>Zwischentitel definieren<\/h3>\n<p>Die Grundschrift ist das Erste was bei einer Publikation definiert werden sollte. Danach bauen darauf die weiteren Schriftelemente wie Titel, Zwischentitel, Bildzeilen u.s.w. auf. Hier kann man ruhig eine zweite Schrift w\u00e4hlen und z.B. eine Serifenschrift mit einer Grotesk kombinieren. Aufpassen sollte man, dass der Zwischentitel immer zum folgenden Absatz geh\u00f6rt und daher nicht in der Mitte zwischen zwei Abs\u00e4tzen stehen sollte:<\/p>\n<p><img loading=\"lazy\" class=\"alignnone size-full wp-image-735\" title=\"zwischentitel\" src=\"https:\/\/www.sachaheck.net\/blog\/wp-content\/uploads\/2010\/08\/zwischentitel.jpg\" alt=\"\" width=\"450\" height=\"378\" srcset=\"https:\/\/www.sachaheck.net\/blog\/wp-content\/uploads\/2010\/08\/zwischentitel.jpg 450w, https:\/\/www.sachaheck.net\/blog\/wp-content\/uploads\/2010\/08\/zwischentitel-300x252.jpg 300w\" sizes=\"(max-width: 450px) 100vw, 450px\" \/><\/p>\n<p>Leider kann hier das Problem enstehen, dass Zwischentitel am Kopf einer Kolumne etwas \u00fcber den Satzspiegel raus stehen. Das l\u00e4\u00dft sich kaum vermeiden, au\u00dfer man umbricht die vorherigen oder nachfolgenden Abs\u00e4tze so, dass ein Zwischentitel nie am Anfang einer Spalte steht:<\/p>\n<p><img loading=\"lazy\" class=\"alignnone size-full wp-image-736\" title=\"zt_oberhalb_kolumne\" src=\"https:\/\/www.sachaheck.net\/blog\/wp-content\/uploads\/2010\/08\/zt_oberhalb_kolumne.jpg\" alt=\"\" width=\"500\" height=\"99\" srcset=\"https:\/\/www.sachaheck.net\/blog\/wp-content\/uploads\/2010\/08\/zt_oberhalb_kolumne.jpg 500w, https:\/\/www.sachaheck.net\/blog\/wp-content\/uploads\/2010\/08\/zt_oberhalb_kolumne-300x59.jpg 300w\" sizes=\"(max-width: 500px) 100vw, 500px\" \/><\/p>\n<p>Damit die Registerhaltigkeit auch bei Zwischentitel mit zwei (oder mehr) Zeilen eingehalten werden kann und der Abstand vor und nach dem Zwischentitel immer gleich ist, mu\u00df der Zwischentitel den gleichen Zeilenabstand wie die Grundschrift haben. Entscheidet man sich aber f\u00fcr einen sehr viel gr\u00f6\u00dferen Zwischentitel der dann auch mehr Zeilenabstand ben\u00f6tigt, darf dieser nicht mehr am Zeilenraster ausgerichtet werden.<\/p>\n<p>Im Gro\u00dfen und Ganzen ist das ganze ein System das man sich am Anfang des Layouts ausdenkt. Man mu\u00df vieles ausprobieren und aufeinander abstimmen und alle typografischen Vorkommnisse abdecken und eine L\u00f6sung daf\u00fcr entwickeln.<\/p>\n<h3>Sauberes Satzbild<\/h3>\n<p>Romane werden meist in Blocksatz gesetzt. Dabei ist es wichtig, auf ein ausgewogenes Satzbild zu achten. Dazu geh\u00f6ren gute\/richtige Trennungen sowie gute Blocksatzeinstellungen. Im folgenden Screenshot sehen wir ein Absatz mit gutem Blocksatz:<\/p>\n<p><img loading=\"lazy\" class=\"alignnone size-full wp-image-738\" title=\"schoenes_satzbild\" src=\"https:\/\/www.sachaheck.net\/blog\/wp-content\/uploads\/2010\/08\/schoenes_satzbild.jpg\" alt=\"\" width=\"500\" height=\"145\" srcset=\"https:\/\/www.sachaheck.net\/blog\/wp-content\/uploads\/2010\/08\/schoenes_satzbild.jpg 500w, https:\/\/www.sachaheck.net\/blog\/wp-content\/uploads\/2010\/08\/schoenes_satzbild-300x87.jpg 300w\" sizes=\"(max-width: 500px) 100vw, 500px\" \/><\/p>\n<p>Bei nachstehendem Beispiel sehen wir den gleichen Absatz aber mit anderen Blocksatzeinstellungen:<\/p>\n<p><img loading=\"lazy\" class=\"alignnone size-full wp-image-739\" title=\"loecher_satzbild\" src=\"https:\/\/www.sachaheck.net\/blog\/wp-content\/uploads\/2010\/08\/loecher_satzbild.jpg\" alt=\"\" width=\"500\" height=\"146\" srcset=\"https:\/\/www.sachaheck.net\/blog\/wp-content\/uploads\/2010\/08\/loecher_satzbild.jpg 500w, https:\/\/www.sachaheck.net\/blog\/wp-content\/uploads\/2010\/08\/loecher_satzbild-300x87.jpg 300w\" sizes=\"(max-width: 500px) 100vw, 500px\" \/><\/p>\n<p>Vor allem die ersten zwei Zeilen rei\u00dfen L\u00f6cher ins Satzbild. Je nach Schrift sollte hier also ein Feintuning erfolgen. Diese Einstellungen finden wir ganz rechts unserer Kontrollpalette oben im kleinen Ausklappmen\u00fc (man mu\u00df mit dem Cursor jedoch im Absatz stehen und auf die Absatzoptionen ganz links wechseln damit die Option verf\u00fcgbar ist!). Am besten nat\u00fcrlich dies sofort im Absatzformat einstellen.<\/p>\n<p><img loading=\"lazy\" class=\"alignnone size-full wp-image-804\" title=\"Justification\" src=\"https:\/\/www.sachaheck.net\/blog\/wp-content\/uploads\/2010\/09\/Justification1.jpg\" alt=\"\" width=\"500\" height=\"472\" srcset=\"https:\/\/www.sachaheck.net\/blog\/wp-content\/uploads\/2010\/09\/Justification1.jpg 500w, https:\/\/www.sachaheck.net\/blog\/wp-content\/uploads\/2010\/09\/Justification1-300x283.jpg 300w\" sizes=\"(max-width: 500px) 100vw, 500px\" \/><\/p>\n<p>Welche Einstellungen nun hier zu w\u00e4hlen sind, das h\u00e4ngt immer von der verwendeten Schrift und vom Schriftgrad ab. Ein gute Abhandlung dar\u00fcber wie der Einstellungsdialog funktioniert und einige Empfehlungen basierend auf technischen \u00dcberlegungen der Funktionsweise findet man <a href=\"http:\/\/www.indesign-faq.de\/de\/textumbruch-voreinstellungen\" target=\"_blank\">hier in Gerald Singelmanns Blog<\/a>.<\/p>\n<h3>Sprache und Silbentrennung<\/h3>\n<p>F\u00fcr ein sauberes Satzbild ebenfalls wichtig, sind die Trennungen. InDesign kann nur richtig trennen wenn auch die richtige Sprache ausgew\u00e4hlt wurde. Dies erledigt man am besten schon im Absatzformat bei der Definition der Grundschrift:<\/p>\n<p><img loading=\"lazy\" class=\"alignnone size-full wp-image-806\" title=\"Language\" src=\"https:\/\/www.sachaheck.net\/blog\/wp-content\/uploads\/2010\/09\/Language.jpg\" alt=\"\" width=\"500\" height=\"187\" srcset=\"https:\/\/www.sachaheck.net\/blog\/wp-content\/uploads\/2010\/09\/Language.jpg 500w, https:\/\/www.sachaheck.net\/blog\/wp-content\/uploads\/2010\/09\/Language-300x112.jpg 300w\" sizes=\"(max-width: 500px) 100vw, 500px\" \/><\/p>\n<p>Die Trennungen in InDesign werden vom InDesign-Trennalgorithmus \u00bbProximity\u00ab gesteuert. Diesen findet man in den Voreinstellungen:<\/p>\n<p><img loading=\"lazy\" class=\"alignnone size-full wp-image-807\" title=\"proximity\" src=\"https:\/\/www.sachaheck.net\/blog\/wp-content\/uploads\/2010\/09\/proximity.jpg\" alt=\"\" width=\"500\" height=\"252\" srcset=\"https:\/\/www.sachaheck.net\/blog\/wp-content\/uploads\/2010\/09\/proximity.jpg 500w, https:\/\/www.sachaheck.net\/blog\/wp-content\/uploads\/2010\/09\/proximity-300x151.jpg 300w\" sizes=\"(max-width: 500px) 100vw, 500px\" \/><\/p>\n<p>Es steht auch leider nur dieser Trennalgorithmus zur Verf\u00fcgung. Es gibt jedoch auch andere Trennprogramme nachzukaufen, z.B. <a href=\"http:\/\/aextra.de\/\" target=\"_blank\">InDihyph<\/a> oder der <a href=\"www.duden-korrektor.de\" target=\"_blank\">Duden Korrektor<\/a>.<\/p>\n<p>Bei guter Typografie sollten m\u00f6glichst nicht zu viele Trennungen vorkommen. Das kann ebenfalls \u00fcber einen Dialog gesteuert werden. Am besten sofort im Absatzformat des Grundtextes:<\/p>\n<p><img loading=\"lazy\" class=\"alignnone size-full wp-image-808\" title=\"trennungen\" src=\"https:\/\/www.sachaheck.net\/blog\/wp-content\/uploads\/2010\/09\/trennungen.jpg\" alt=\"\" width=\"500\" height=\"270\" srcset=\"https:\/\/www.sachaheck.net\/blog\/wp-content\/uploads\/2010\/09\/trennungen.jpg 500w, https:\/\/www.sachaheck.net\/blog\/wp-content\/uploads\/2010\/09\/trennungen-300x162.jpg 300w\" sizes=\"(max-width: 500px) 100vw, 500px\" \/><\/p>\n<p>Ein Regel besagte, nicht mehr als 3 Trennungen hintereinander. Gar keine Trennungen zu machen ist keine L\u00f6sung, da dann die Satzqualit\u00e4t (der Blocksatz) extrem darunter leidet. Leider sieht man das trotzdem manchmal in B\u00fcchern &#8230;<\/p>\n<h3>Optischer Randausgleich<\/h3>\n<p>In InDesign kann man seit einigen Versionen einen optischen Randausgleich einstellen. Allerdings gibt es hier so gut wie keine Optionen. Also praktisch nur: Ja ich will, oder eben nicht. Man findet die Einstellung im Men\u00fc \u00bbSchrift \u2013 Textabschnitt\u00ab (Type \u2013 Story).<\/p>\n<p><img loading=\"lazy\" class=\"alignnone size-full wp-image-810\" title=\"story\" src=\"https:\/\/www.sachaheck.net\/blog\/wp-content\/uploads\/2010\/09\/story.jpg\" alt=\"\" width=\"332\" height=\"177\" srcset=\"https:\/\/www.sachaheck.net\/blog\/wp-content\/uploads\/2010\/09\/story.jpg 332w, https:\/\/www.sachaheck.net\/blog\/wp-content\/uploads\/2010\/09\/story-300x159.jpg 300w\" sizes=\"(max-width: 332px) 100vw, 332px\" \/><\/p>\n<p>In den meisten B\u00fcchern liest man dass als Wert der Schriftgard eingetragen werden soll. Bei einer Aufz\u00e4hlung gibt es damit z.B. gerne Probleme:<\/p>\n<p><img loading=\"lazy\" class=\"alignnone size-full wp-image-811\" title=\"randausgleich_aufzaehlung\" src=\"https:\/\/www.sachaheck.net\/blog\/wp-content\/uploads\/2010\/09\/randausgleich_aufzaehlung.jpg\" alt=\"\" width=\"273\" height=\"257\" srcset=\"https:\/\/www.sachaheck.net\/blog\/wp-content\/uploads\/2010\/09\/randausgleich_aufzaehlung.jpg 402w, https:\/\/www.sachaheck.net\/blog\/wp-content\/uploads\/2010\/09\/randausgleich_aufzaehlung-300x282.jpg 300w\" sizes=\"(max-width: 273px) 100vw, 273px\" \/><\/p>\n<p>Die Aufz\u00e4hlungspunkte werden durch den Randausgleich zu weit raus gesetzt. Daf\u00fcr ist eine Option hinzugekommen, mit der man f\u00fcr einzelne Abs\u00e4tze den Randausgleich ausschalten kann. Diese Option befindet sich auch in dem kleinen Men\u00fc ganz rechts der Kontrollpalette oben. Man w\u00e4hlt dazu erst die betreffenden Abs\u00e4tze aus und dann:<\/p>\n<p><img loading=\"lazy\" class=\"alignnone size-full wp-image-812\" title=\"ignore_optical_margin\" src=\"https:\/\/www.sachaheck.net\/blog\/wp-content\/uploads\/2010\/09\/ignore_optical_margin.jpg\" alt=\"\" width=\"279\" height=\"273\" srcset=\"https:\/\/www.sachaheck.net\/blog\/wp-content\/uploads\/2010\/09\/ignore_optical_margin.jpg 397w, https:\/\/www.sachaheck.net\/blog\/wp-content\/uploads\/2010\/09\/ignore_optical_margin-300x294.jpg 300w, https:\/\/www.sachaheck.net\/blog\/wp-content\/uploads\/2010\/09\/ignore_optical_margin-50x50.jpg 50w\" sizes=\"(max-width: 279px) 100vw, 279px\" \/><\/p>\n<h3>Mikrotypografie<\/h3>\n<p>Wenn das \u00c4ussere steht, geht&#8217;s an die Mikrotypografie. Der Setzer mu\u00df daf\u00fcr den Text nicht ganz lesen aber sollte er ihn trotzdem durchsehen um kleine typografische S\u00fcnden auszumerzen. Im Endeffekt erkennt man da den guten, gewissenhaften typografischen Gestalter. Dar\u00fcber gab es aber hier im Blog schon einmal einen <a href=\"https:\/\/www.sachaheck.net\/blog\/typographie\/mikrotypografie\" target=\"_blank\">Artikel<\/a>, so dass ich jetzt mal einfach darauf <a href=\"https:\/\/www.sachaheck.net\/blog\/typographie\/mikrotypografie\" target=\"_blank\">verweise f\u00fcr weitere Infos<\/a>.<\/p>\n<h3>Weiterf\u00fchrendes<\/h3>\n<p>Ein paar der wichtigsten Punkte f\u00fcr guten typografischen Textsatz wurden jetzt hier aufgef\u00fchrt. Wenn der eine oder andere jetzt Lust bekommen hat, sich mehr mit dem Thema zu befassen: Es gibt einen ganzen Haufen guter B\u00fccher zum Thema. Hier eine kleine Auswahl die ich empfehlen kann:<\/p>\n<p><a href=\"http:\/\/www.amazon.de\/Lesetypografie-Friedrich-Forssman\/dp\/3874396525\/ref=sr_1_1?ie=UTF8&amp;s=books&amp;qid=1283499360&amp;sr=8-1\" target=\"_blank\">Lesetypografie<\/a><\/p>\n<p><a href=\"http:\/\/www.amazon.de\/Detailtypografie-Nachschlagewerk-alle-Fragen-Schrift\/dp\/3874396428\/ref=pd_sim_b_1\" target=\"_blank\">Detailtypografie<\/a><\/p>\n<p><a href=\"http:\/\/www.amazon.de\/Grafik-Gestaltung-Das-umfassende-Handbuch\/dp\/3836212064\/ref=sr_1_1?s=books&amp;ie=UTF8&amp;qid=1283499409&amp;sr=1-1\" target=\"_blank\">Grafik und Gestaltung<\/a><\/p>\n<p><a href=\"http:\/\/www.amazon.de\/Grundkurs-Typografie-Layout-Ausbildung-Galileo\/dp\/3836212072\/ref=sr_1_2?s=books&amp;ie=UTF8&amp;qid=1283499440&amp;sr=1-2\" target=\"_blank\">Grundkurs Typografie und Layout<\/a><\/p>\n<p><a href=\"http:\/\/www.amazon.de\/Crashkurs-Typo-Layout-Schriftdesign-visuellen\/dp\/3499612526\/ref=sr_1_32?s=STORE&amp;ie=UTF8&amp;qid=1283499517&amp;sr=1-32\" target=\"_blank\">Crashkurs Typo und Layout<\/a><\/p>\n<p><a href=\"http:\/\/www.amazon.de\/Praktische-Typographie-Publishing-Gestalten-Personal\/dp\/3721202929\/ref=sr_1_1?s=books&amp;ie=UTF8&amp;qid=1283499565&amp;sr=1-1\" target=\"_blank\">Praktische Typografie<\/a><\/p>\n<div class=\"shariff\"><ul class=\"shariff-buttons theme-default orientation-horizontal buttonsize-medium\"><li class=\"shariff-button twitter shariff-nocustomcolor\" style=\"background-color:#1e3050\"><a href=\"https:\/\/twitter.com\/share?url=https%3A%2F%2Fwww.sachaheck.net%2Fblog%2Findesign%2Findesign_lesebuecher-typo-layout&text=Typografie%20in%20InDesign%3A%20Leseb%C3%BCcher%20und%20Romane%20gestalten\" title=\"Bei X (Twitter) teilen\" aria-label=\"Bei X (Twitter) teilen\" role=\"button\" rel=\"noreferrernoopener nofollow\" class=\"shariff-link\" style=\"; background-color:#000000; color:#fff\" target=\"_blank\"><span class=\"shariff-icon\" style=\"\"><svg xmlns=\"http:\/\/www.w3.org\/2000\/svg\" height=\"1em\" viewBox=\"0 0 512 512\"><!--! Font Awesome Free 6.4.2 by @fontawesome - https:\/\/fontawesome.com License - https:\/\/fontawesome.com\/license (Commercial License) Copyright 2023 Fonticons, Inc. --><style>svg{fill:#ffffff}<\/style><path d=\"M389.2 48h70.6L305.6 224.2 487 464H345L233.7 318.6 106.5 464H35.8L200.7 275.5 26.8 48H172.4L272.9 180.9 389.2 48zM364.4 421.8h39.1L151.1 88h-42L364.4 421.8z\"\/><\/svg><\/span><span class=\"shariff-text\">twittern<\/span>&nbsp;<\/a><\/li><li class=\"shariff-button facebook shariff-nocustomcolor\" style=\"background-color:#4273c8\"><a href=\"https:\/\/www.facebook.com\/sharer\/sharer.php?u=https%3A%2F%2Fwww.sachaheck.net%2Fblog%2Findesign%2Findesign_lesebuecher-typo-layout\" title=\"Bei Facebook teilen\" aria-label=\"Bei Facebook teilen\" role=\"button\" rel=\"noreferrernoopener nofollow\" class=\"shariff-link\" style=\"; background-color:#3b5998; color:#fff\" target=\"_blank\"><span class=\"shariff-icon\" style=\"\"><svg width=\"32px\" height=\"20px\" xmlns=\"http:\/\/www.w3.org\/2000\/svg\" viewBox=\"0 0 18 32\"><path fill=\"#3b5998\" d=\"M17.1 0.2v4.7h-2.8q-1.5 0-2.1 0.6t-0.5 1.9v3.4h5.2l-0.7 5.3h-4.5v13.6h-5.5v-13.6h-4.5v-5.3h4.5v-3.9q0-3.3 1.9-5.2t5-1.8q2.6 0 4.1 0.2z\"\/><\/svg><\/span><span class=\"shariff-text\">teilen<\/span>&nbsp;<\/a><\/li><li class=\"shariff-button linkedin shariff-nocustomcolor\" style=\"background-color:#1488bf\"><a href=\"https:\/\/www.linkedin.com\/sharing\/share-offsite\/?url=https%3A%2F%2Fwww.sachaheck.net%2Fblog%2Findesign%2Findesign_lesebuecher-typo-layout\" title=\"Bei LinkedIn teilen\" aria-label=\"Bei LinkedIn teilen\" role=\"button\" rel=\"noreferrernoopener nofollow\" class=\"shariff-link\" style=\"; background-color:#0077b5; color:#fff\" target=\"_blank\"><span class=\"shariff-icon\" style=\"\"><svg width=\"32px\" height=\"20px\" xmlns=\"http:\/\/www.w3.org\/2000\/svg\" viewBox=\"0 0 27 32\"><path fill=\"#0077b5\" d=\"M6.2 11.2v17.7h-5.9v-17.7h5.9zM6.6 5.7q0 1.3-0.9 2.2t-2.4 0.9h0q-1.5 0-2.4-0.9t-0.9-2.2 0.9-2.2 2.4-0.9 2.4 0.9 0.9 2.2zM27.4 18.7v10.1h-5.9v-9.5q0-1.9-0.7-2.9t-2.3-1.1q-1.1 0-1.9 0.6t-1.2 1.5q-0.2 0.5-0.2 1.4v9.9h-5.9q0-7.1 0-11.6t0-5.3l0-0.9h5.9v2.6h0q0.4-0.6 0.7-1t1-0.9 1.6-0.8 2-0.3q3 0 4.9 2t1.9 6z\"\/><\/svg><\/span><span class=\"shariff-text\">mitteilen<\/span>&nbsp;<\/a><\/li><\/ul><\/div>","protected":false},"excerpt":{"rendered":"<p>Ein Lesebuch bzw. Roman mag auf den ersten Blick f\u00fcr den Gestalter nicht sehr aufregend erscheinen. Jedoch ist das ein typisches Druckprodukt in dem man das typografische K\u00f6nnen des Gestalters erkennen kann. Wir sehen uns im Folgenden an, wie man ein Lesebuch in InDesign anlegt und auf was zu achten ist um eine gepflegte Typografie zu erreichen.<\/p>\n","protected":false},"author":1,"featured_media":0,"comment_status":"open","ping_status":"open","sticky":false,"template":"","format":"standard","meta":{"ngg_post_thumbnail":0},"categories":[3,13],"tags":[164,424,30,14,157,161,162,160,159,158,156,15,165,163],"_links":{"self":[{"href":"https:\/\/www.sachaheck.net\/blog\/wp-json\/wp\/v2\/posts\/724"}],"collection":[{"href":"https:\/\/www.sachaheck.net\/blog\/wp-json\/wp\/v2\/posts"}],"about":[{"href":"https:\/\/www.sachaheck.net\/blog\/wp-json\/wp\/v2\/types\/post"}],"author":[{"embeddable":true,"href":"https:\/\/www.sachaheck.net\/blog\/wp-json\/wp\/v2\/users\/1"}],"replies":[{"embeddable":true,"href":"https:\/\/www.sachaheck.net\/blog\/wp-json\/wp\/v2\/comments?post=724"}],"version-history":[{"count":12,"href":"https:\/\/www.sachaheck.net\/blog\/wp-json\/wp\/v2\/posts\/724\/revisions"}],"predecessor-version":[{"id":819,"href":"https:\/\/www.sachaheck.net\/blog\/wp-json\/wp\/v2\/posts\/724\/revisions\/819"}],"wp:attachment":[{"href":"https:\/\/www.sachaheck.net\/blog\/wp-json\/wp\/v2\/media?parent=724"}],"wp:term":[{"taxonomy":"category","embeddable":true,"href":"https:\/\/www.sachaheck.net\/blog\/wp-json\/wp\/v2\/categories?post=724"},{"taxonomy":"post_tag","embeddable":true,"href":"https:\/\/www.sachaheck.net\/blog\/wp-json\/wp\/v2\/tags?post=724"}],"curies":[{"name":"wp","href":"https:\/\/api.w.org\/{rel}","templated":true}]}}