{"id":76,"date":"2009-01-16T10:24:31","date_gmt":"2009-01-16T09:24:31","guid":{"rendered":"http:\/\/www.sachaheck.net\/blog\/?p=76"},"modified":"2009-02-05T22:39:36","modified_gmt":"2009-02-05T21:39:36","slug":"mediengestalter-redesign","status":"publish","type":"post","link":"https:\/\/www.sachaheck.net\/blog\/allgemeines\/mediengestalter-redesign","title":{"rendered":"Mediengestalter.lu neu aufgesetzt"},"content":{"rendered":"<p>Willkommen im neuen Blog von Mediengestalter.lu. Es wurde h\u00f6chste Zeit ein ReDesign vorzunehmen und noch mehr Zeit wurde es, den Blog zeitgem\u00e4\u00df aufzusetzen mit allen Web 2.0-Funktionen und M\u00f6glichkeiten die ein Blog heutzutage so bietet. So wurde der Mediengestalter-Blog jetzt in ein CMS \u00fcbertragen (WordPress) das immense M\u00f6glichkeiten bietet.<\/p>\n<p>Das hat jetzt aber mit sich gebracht, dass die bestehenden Artikel die \u00fcbertragen wurden, nicht mehr chronologisch geordnet sind und dem Ver\u00f6ffentlichungsdatum entsprechen. Au\u00dferdem funktioneren noch einige Dinge nicht ordnungsgem\u00e4\u00df und es kann hier und da tote Links geben. Das wird aber in K\u00fcrze dann voraussichtlich behoben sein.<\/p>\n<p>Also: Macht Gebrauch von den neuen Kommentarm\u00f6glichkeiten des Blogs, diskutiert mit \u00fcber die verschiedenen Themen oder stellt Fragen z.B. im Mediengestalter-Forum der Luxemburger Mediengestalter-Ausbildung. (Link in der rechten Linkleiste)<\/p>\n<div class=\"shariff\"><ul class=\"shariff-buttons theme-default orientation-horizontal buttonsize-medium\"><li class=\"shariff-button twitter shariff-nocustomcolor\" style=\"background-color:#1e3050\"><a href=\"https:\/\/twitter.com\/share?url=https%3A%2F%2Fwww.sachaheck.net%2Fblog%2Fallgemeines%2Fmediengestalter-redesign&text=Mediengestalter.lu%20neu%20aufgesetzt\" title=\"Bei X (Twitter) teilen\" aria-label=\"Bei X (Twitter) teilen\" role=\"button\" rel=\"noreferrernoopener nofollow\" class=\"shariff-link\" style=\"; background-color:#000000; color:#fff\" target=\"_blank\"><span class=\"shariff-icon\" style=\"\"><svg xmlns=\"http:\/\/www.w3.org\/2000\/svg\" height=\"1em\" viewBox=\"0 0 512 512\"><!--! Font Awesome Free 6.4.2 by @fontawesome - https:\/\/fontawesome.com License - https:\/\/fontawesome.com\/license (Commercial License) Copyright 2023 Fonticons, Inc. --><style>svg{fill:#ffffff}<\/style><path d=\"M389.2 48h70.6L305.6 224.2 487 464H345L233.7 318.6 106.5 464H35.8L200.7 275.5 26.8 48H172.4L272.9 180.9 389.2 48zM364.4 421.8h39.1L151.1 88h-42L364.4 421.8z\"\/><\/svg><\/span><span class=\"shariff-text\">twittern<\/span>&nbsp;<\/a><\/li><li class=\"shariff-button facebook shariff-nocustomcolor\" style=\"background-color:#4273c8\"><a href=\"https:\/\/www.facebook.com\/sharer\/sharer.php?u=https%3A%2F%2Fwww.sachaheck.net%2Fblog%2Fallgemeines%2Fmediengestalter-redesign\" title=\"Bei Facebook teilen\" aria-label=\"Bei Facebook teilen\" role=\"button\" rel=\"noreferrernoopener nofollow\" class=\"shariff-link\" style=\"; background-color:#3b5998; color:#fff\" target=\"_blank\"><span class=\"shariff-icon\" style=\"\"><svg width=\"32px\" height=\"20px\" xmlns=\"http:\/\/www.w3.org\/2000\/svg\" viewBox=\"0 0 18 32\"><path fill=\"#3b5998\" d=\"M17.1 0.2v4.7h-2.8q-1.5 0-2.1 0.6t-0.5 1.9v3.4h5.2l-0.7 5.3h-4.5v13.6h-5.5v-13.6h-4.5v-5.3h4.5v-3.9q0-3.3 1.9-5.2t5-1.8q2.6 0 4.1 0.2z\"\/><\/svg><\/span><span class=\"shariff-text\">teilen<\/span>&nbsp;<\/a><\/li><li class=\"shariff-button linkedin shariff-nocustomcolor\" style=\"background-color:#1488bf\"><a href=\"https:\/\/www.linkedin.com\/sharing\/share-offsite\/?url=https%3A%2F%2Fwww.sachaheck.net%2Fblog%2Fallgemeines%2Fmediengestalter-redesign\" title=\"Bei LinkedIn teilen\" aria-label=\"Bei LinkedIn teilen\" role=\"button\" rel=\"noreferrernoopener nofollow\" class=\"shariff-link\" style=\"; background-color:#0077b5; color:#fff\" target=\"_blank\"><span class=\"shariff-icon\" style=\"\"><svg width=\"32px\" height=\"20px\" xmlns=\"http:\/\/www.w3.org\/2000\/svg\" viewBox=\"0 0 27 32\"><path fill=\"#0077b5\" d=\"M6.2 11.2v17.7h-5.9v-17.7h5.9zM6.6 5.7q0 1.3-0.9 2.2t-2.4 0.9h0q-1.5 0-2.4-0.9t-0.9-2.2 0.9-2.2 2.4-0.9 2.4 0.9 0.9 2.2zM27.4 18.7v10.1h-5.9v-9.5q0-1.9-0.7-2.9t-2.3-1.1q-1.1 0-1.9 0.6t-1.2 1.5q-0.2 0.5-0.2 1.4v9.9h-5.9q0-7.1 0-11.6t0-5.3l0-0.9h5.9v2.6h0q0.4-0.6 0.7-1t1-0.9 1.6-0.8 2-0.3q3 0 4.9 2t1.9 6z\"\/><\/svg><\/span><span class=\"shariff-text\">mitteilen<\/span>&nbsp;<\/a><\/li><\/ul><\/div>","protected":false},"excerpt":{"rendered":"<p>Willkommen im neuen Blog von Mediengestalter.lu. Es wurde h\u00f6chste Zeit ein ReDesign vorzunehmen und noch mehr Zeit wurde es, den Blog zeitgem\u00e4\u00df aufzusetzen mit allen Web 2.0-Funktionen und M\u00f6glichkeiten die ein Blog heutzutage so bietet. So wurde der Mediengestalter-Blog jetzt in ein CMS \u00fcbertragen (WordPress) das immense M\u00f6glichkeiten bietet. Das hat jetzt aber mit sich&hellip;<\/p>\n","protected":false},"author":1,"featured_media":0,"comment_status":"open","ping_status":"open","sticky":false,"template":"","format":"standard","meta":{"ngg_post_thumbnail":0},"categories":[1],"tags":[],"_links":{"self":[{"href":"https:\/\/www.sachaheck.net\/blog\/wp-json\/wp\/v2\/posts\/76"}],"collection":[{"href":"https:\/\/www.sachaheck.net\/blog\/wp-json\/wp\/v2\/posts"}],"about":[{"href":"https:\/\/www.sachaheck.net\/blog\/wp-json\/wp\/v2\/types\/post"}],"author":[{"embeddable":true,"href":"https:\/\/www.sachaheck.net\/blog\/wp-json\/wp\/v2\/users\/1"}],"replies":[{"embeddable":true,"href":"https:\/\/www.sachaheck.net\/blog\/wp-json\/wp\/v2\/comments?post=76"}],"version-history":[{"count":3,"href":"https:\/\/www.sachaheck.net\/blog\/wp-json\/wp\/v2\/posts\/76\/revisions"}],"predecessor-version":[{"id":78,"href":"https:\/\/www.sachaheck.net\/blog\/wp-json\/wp\/v2\/posts\/76\/revisions\/78"}],"wp:attachment":[{"href":"https:\/\/www.sachaheck.net\/blog\/wp-json\/wp\/v2\/media?parent=76"}],"wp:term":[{"taxonomy":"category","embeddable":true,"href":"https:\/\/www.sachaheck.net\/blog\/wp-json\/wp\/v2\/categories?post=76"},{"taxonomy":"post_tag","embeddable":true,"href":"https:\/\/www.sachaheck.net\/blog\/wp-json\/wp\/v2\/tags?post=76"}],"curies":[{"name":"wp","href":"https:\/\/api.w.org\/{rel}","templated":true}]}}